{"id":6170,"date":"2016-01-14T13:00:05","date_gmt":"2016-01-14T12:00:05","guid":{"rendered":"http:\/\/ineditfitness.com\/site\/?p=6170"},"modified":"2016-01-19T10:07:05","modified_gmt":"2016-01-19T09:07:05","slug":"1er-anniversaire","status":"publish","type":"post","link":"https:\/\/ineditfitness.com\/site\/1er-anniversaire\/","title":{"rendered":"1er Anniversaire &#8211; Portes Ouvertes"},"content":{"rendered":"<div class=\"wpb-content-wrapper\"><p>[vc_row][vc_column width=\u00a0\u00bb1\/1&Prime;][vc_column_text]<\/p>\n<h1 style=\"text-align: center;\">Du Lundi 25 au vendredi 29 janvier 2016 !<\/h1>\n<p>[\/vc_column_text][\/vc_column][\/vc_row][vc_row][vc_column width=\u00a0\u00bb1\/2&Prime;][vc_column_text]<\/p>\n<h2 style=\"text-align: center;\">Venez bouger&#8230;<\/h2>\n<p style=\"text-align: left;\">Pour les 1 an du Studio INEDIT FITNESS, nous vous invitons \u00e0 venir\u00a0essayer les diff\u00e9rents programmes propos\u00e9s !<\/p>\n<p style=\"text-align: left;\">Vous \u00eates membre ! N&rsquo;h\u00e9sitez pas \u00e0 venir d\u00e9couvrir d&rsquo;autres programmes gracieusement.<\/p>\n<p style=\"text-align: left;\">Vous n&rsquo;\u00eates pas encore membre, c&rsquo;est le moment de venir nous rencontrer et essayer le(s) programmes de votre choix. Vous avez besoin d&rsquo;\u00eatre conseill\u00e9,\u00a0<a href=\"http:\/\/ineditfitness.com\/site\/contact\/\">Contactez nous<\/a><\/p>\n<h4 style=\"text-align: left;\"><span style=\"color: #ff0000;\">31 s\u00e9ances au choix du lundi au vendredi<\/span><\/h4>\n<p style=\"text-align: left;\">\u00a0<a href=\"http:\/\/ineditfitness.com\/site\/cours-small-class\/\">small class<\/a>\u00a0ou cours collectifs,<\/p>\n<p style=\"text-align: left;\">Des cours pour se d\u00e9fouler &#8230;.\u00a0<a href=\"http:\/\/ineditfitness.com\/site\/cours\/cours-kimax\/\">KIMAX<\/a>\u00a0,\u00a0<a href=\"http:\/\/ineditfitness.com\/site\/cours\/cours-ubound\/\">UBOUND<\/a><\/p>\n<p style=\"text-align: left;\">Des cours pour se tonifier &#8230;.\u00a0<a href=\"http:\/\/ineditfitness.com\/site\/cours\/cours-power\/\">POWER<\/a>\u00a0, \u00a0<a href=\"http:\/\/ineditfitness.com\/site\/cours\/cours-swiss-ball\/\">SWISS BALL<\/a>\u00a0,\u00a0<a href=\"http:\/\/ineditfitness.com\/site\/cours\/cours-x55\/\">X55<\/a>\u00a0,\u00a0<a href=\"http:\/\/ineditfitness.com\/site\/cours\/cours-de-pilates\/\">PILATES<\/a><\/p>\n<p style=\"text-align: left;\">Des cours pour s&rsquo;\u00e9tirer &#8230;\u00a0<a href=\"http:\/\/ineditfitness.com\/site\/cours\/cours-de-stretching\/\">STRETCHING<\/a><\/p>\n<p>[\/vc_column_text][\/vc_column][vc_column width=\u00a0\u00bb1\/2&Prime;][vc_single_image image=\u00a0\u00bb6171&Prime; alignment=\u00a0\u00bbcenter\u00a0\u00bb border_color=\u00a0\u00bbgrey\u00a0\u00bb img_link_target=\u00a0\u00bb_self\u00a0\u00bb img_size=\u00a0\u00bblarge\u00a0\u00bb][\/vc_column][\/vc_row][vc_row][vc_column width=\u00a0\u00bb1\/1&Prime;][vc_column_text]<\/p>\n<h3 style=\"text-align: center;\">Nombre de participant limit\u00e9 \u00e0 chaque s\u00e9ance &#8211; Inscription recommand\u00e9e<\/h3>\n<p style=\"text-align: center;\">Pour plus de renseignements &#8211;\u00a0<a href=\"http:\/\/ineditfitness.com\/site\/contact\/\">Contactez nous<\/a><\/p>\n<p>[\/vc_column_text][\/vc_column][\/vc_row]<\/p>\n<\/div>","protected":false},"excerpt":{"rendered":"<p>Venez bouger !! Pour les 1 an du Studio INEDIT FITNESS, nous vous invitons \u00e0 venir essayer les diff\u00e9rents programmes propos\u00e9s&#8230;<\/p>\n","protected":false},"author":3,"featured_media":6171,"comment_status":"open","ping_status":"open","sticky":false,"template":"","format":"standard","meta":{"footnotes":""},"categories":[178,196],"tags":[],"class_list":["post-6170","post","type-post","status-publish","format-standard","has-post-thumbnail","hentry","category-evenements","category-porte-ouverte"],"yoast_head":"<!-- This site is optimized with the Yoast SEO plugin v27.4 - https:\/\/yoast.com\/product\/yoast-seo-wordpress\/ -->\n<title>1er Anniversaire - Portes Ouvertes - INEDIT FITNESS | Chassieu<\/title>\n<meta name=\"description\" content=\"Portes ouvertes, du lundi 25 au vendredi 29 janvier 2016, Venez d\u00e9couvrir les diff\u00e9rents programmes du Studio INEDIT FITNESS. Acc\u00e8s offert pour les 1 an du Studio ....\" \/>\n<meta name=\"robots\" content=\"index, follow, max-snippet:-1, max-image-preview:large, max-video-preview:-1\" \/>\n<link rel=\"canonical\" href=\"https:\/\/ineditfitness.com\/site\/1er-anniversaire\/\" \/>\n<meta property=\"og:locale\" content=\"fr_FR\" \/>\n<meta property=\"og:type\" content=\"article\" \/>\n<meta property=\"og:title\" content=\"1 er Anniversaire - Portes Ouvertes\" \/>\n<meta property=\"og:description\" content=\"Pour les 1 an du Studio INEDIT FITNESS, nous vous invitons \u00e0 venir essayer les diff\u00e9rents programmes propos\u00e9s ! Vous \u00eates membre ! N&#039;h\u00e9sitez pas \u00e0 venir d\u00e9couvrir d&#039;autres programmes gracieusement. Vous n&#039;\u00eates pas encore membre, c&#039;est le moment de venir nous rencontrer et essayer le(s) programmes de votre choix. Vous avez besoin d&#039;\u00eatre conseill\u00e9, Contactez nous !\" \/>\n<meta property=\"og:url\" content=\"https:\/\/ineditfitness.com\/site\/1er-anniversaire\/\" \/>\n<meta property=\"og:site_name\" content=\"INEDIT FITNESS | Chassieu\" \/>\n<meta property=\"article:published_time\" content=\"2016-01-14T12:00:05+00:00\" \/>\n<meta property=\"article:modified_time\" content=\"2016-01-19T09:07:05+00:00\" \/>\n<meta property=\"og:image\" content=\"https:\/\/ineditfitness.com\/site\/wp-content\/uploads\/2016\/01\/Studio-INEDIT-FITNESS-1er-Anniversaire.jpg\" \/>\n\t<meta property=\"og:image:width\" content=\"794\" \/>\n\t<meta property=\"og:image:height\" content=\"1123\" \/>\n\t<meta property=\"og:image:type\" content=\"image\/jpeg\" \/>\n<meta name=\"author\" content=\"PISK\" \/>\n<meta name=\"twitter:label1\" content=\"\u00c9crit par\" \/>\n\t<meta name=\"twitter:data1\" content=\"PISK\" \/>\n\t<meta name=\"twitter:label2\" content=\"Dur\u00e9e de lecture estim\u00e9e\" \/>\n\t<meta name=\"twitter:data2\" content=\"1 minute\" \/>\n<script type=\"application\/ld+json\" class=\"yoast-schema-graph\">{\"@context\":\"https:\\\/\\\/schema.org\",\"@graph\":[{\"@type\":\"Article\",\"@id\":\"https:\\\/\\\/ineditfitness.com\\\/site\\\/1er-anniversaire\\\/#article\",\"isPartOf\":{\"@id\":\"https:\\\/\\\/ineditfitness.com\\\/site\\\/1er-anniversaire\\\/\"},\"author\":{\"name\":\"PISK\",\"@id\":\"https:\\\/\\\/ineditfitness.com\\\/site\\\/#\\\/schema\\\/person\\\/9d9ee2eec28d681796264261a10ef007\"},\"headline\":\"1er Anniversaire &#8211; Portes Ouvertes\",\"datePublished\":\"2016-01-14T12:00:05+00:00\",\"dateModified\":\"2016-01-19T09:07:05+00:00\",\"mainEntityOfPage\":{\"@id\":\"https:\\\/\\\/ineditfitness.com\\\/site\\\/1er-anniversaire\\\/\"},\"wordCount\":195,\"commentCount\":0,\"publisher\":{\"@id\":\"https:\\\/\\\/ineditfitness.com\\\/site\\\/#organization\"},\"image\":{\"@id\":\"https:\\\/\\\/ineditfitness.com\\\/site\\\/1er-anniversaire\\\/#primaryimage\"},\"thumbnailUrl\":\"https:\\\/\\\/ineditfitness.com\\\/site\\\/wp-content\\\/uploads\\\/2016\\\/01\\\/Studio-INEDIT-FITNESS-1er-Anniversaire.jpg\",\"articleSection\":[\"Evenements\",\"porte ouverte\"],\"inLanguage\":\"fr-FR\",\"potentialAction\":[{\"@type\":\"CommentAction\",\"name\":\"Comment\",\"target\":[\"https:\\\/\\\/ineditfitness.com\\\/site\\\/1er-anniversaire\\\/#respond\"]}]},{\"@type\":\"WebPage\",\"@id\":\"https:\\\/\\\/ineditfitness.com\\\/site\\\/1er-anniversaire\\\/\",\"url\":\"https:\\\/\\\/ineditfitness.com\\\/site\\\/1er-anniversaire\\\/\",\"name\":\"1er Anniversaire - Portes Ouvertes - INEDIT FITNESS | Chassieu\",\"isPartOf\":{\"@id\":\"https:\\\/\\\/ineditfitness.com\\\/site\\\/#website\"},\"primaryImageOfPage\":{\"@id\":\"https:\\\/\\\/ineditfitness.com\\\/site\\\/1er-anniversaire\\\/#primaryimage\"},\"image\":{\"@id\":\"https:\\\/\\\/ineditfitness.com\\\/site\\\/1er-anniversaire\\\/#primaryimage\"},\"thumbnailUrl\":\"https:\\\/\\\/ineditfitness.com\\\/site\\\/wp-content\\\/uploads\\\/2016\\\/01\\\/Studio-INEDIT-FITNESS-1er-Anniversaire.jpg\",\"datePublished\":\"2016-01-14T12:00:05+00:00\",\"dateModified\":\"2016-01-19T09:07:05+00:00\",\"description\":\"Portes ouvertes, du lundi 25 au vendredi 29 janvier 2016, Venez d\u00e9couvrir les diff\u00e9rents programmes du Studio INEDIT FITNESS. Acc\u00e8s offert pour les 1 an du Studio ....\",\"breadcrumb\":{\"@id\":\"https:\\\/\\\/ineditfitness.com\\\/site\\\/1er-anniversaire\\\/#breadcrumb\"},\"inLanguage\":\"fr-FR\",\"potentialAction\":[{\"@type\":\"ReadAction\",\"target\":[\"https:\\\/\\\/ineditfitness.com\\\/site\\\/1er-anniversaire\\\/\"]}]},{\"@type\":\"ImageObject\",\"inLanguage\":\"fr-FR\",\"@id\":\"https:\\\/\\\/ineditfitness.com\\\/site\\\/1er-anniversaire\\\/#primaryimage\",\"url\":\"https:\\\/\\\/ineditfitness.com\\\/site\\\/wp-content\\\/uploads\\\/2016\\\/01\\\/Studio-INEDIT-FITNESS-1er-Anniversaire.jpg\",\"contentUrl\":\"https:\\\/\\\/ineditfitness.com\\\/site\\\/wp-content\\\/uploads\\\/2016\\\/01\\\/Studio-INEDIT-FITNESS-1er-Anniversaire.jpg\",\"width\":794,\"height\":1123},{\"@type\":\"BreadcrumbList\",\"@id\":\"https:\\\/\\\/ineditfitness.com\\\/site\\\/1er-anniversaire\\\/#breadcrumb\",\"itemListElement\":[{\"@type\":\"ListItem\",\"position\":1,\"name\":\"Accueil\",\"item\":\"https:\\\/\\\/ineditfitness.com\\\/site\\\/\"},{\"@type\":\"ListItem\",\"position\":2,\"name\":\"1er Anniversaire &#8211; Portes Ouvertes\"}]},{\"@type\":\"WebSite\",\"@id\":\"https:\\\/\\\/ineditfitness.com\\\/site\\\/#website\",\"url\":\"https:\\\/\\\/ineditfitness.com\\\/site\\\/\",\"name\":\"INEDIT FITNESS | Chassieu\",\"description\":\"Vous \u00eates unique, notre coaching aussi - Salle de Sport - Fitness - Stretching - Pilates - Training - Cardio - Marche Nordique - Coaching Individuel - Small groupe\",\"publisher\":{\"@id\":\"https:\\\/\\\/ineditfitness.com\\\/site\\\/#organization\"},\"potentialAction\":[{\"@type\":\"SearchAction\",\"target\":{\"@type\":\"EntryPoint\",\"urlTemplate\":\"https:\\\/\\\/ineditfitness.com\\\/site\\\/?s={search_term_string}\"},\"query-input\":{\"@type\":\"PropertyValueSpecification\",\"valueRequired\":true,\"valueName\":\"search_term_string\"}}],\"inLanguage\":\"fr-FR\"},{\"@type\":\"Organization\",\"@id\":\"https:\\\/\\\/ineditfitness.com\\\/site\\\/#organization\",\"name\":\"INEDIT FITNESS\",\"url\":\"https:\\\/\\\/ineditfitness.com\\\/site\\\/\",\"logo\":{\"@type\":\"ImageObject\",\"inLanguage\":\"fr-FR\",\"@id\":\"https:\\\/\\\/ineditfitness.com\\\/site\\\/#\\\/schema\\\/logo\\\/image\\\/\",\"url\":\"https:\\\/\\\/ineditfitness.com\\\/site\\\/wp-content\\\/uploads\\\/2014\\\/12\\\/studio_inedit_fitness_logo_site.png\",\"contentUrl\":\"https:\\\/\\\/ineditfitness.com\\\/site\\\/wp-content\\\/uploads\\\/2014\\\/12\\\/studio_inedit_fitness_logo_site.png\",\"width\":600,\"height\":210,\"caption\":\"INEDIT FITNESS\"},\"image\":{\"@id\":\"https:\\\/\\\/ineditfitness.com\\\/site\\\/#\\\/schema\\\/logo\\\/image\\\/\"}},{\"@type\":\"Person\",\"@id\":\"https:\\\/\\\/ineditfitness.com\\\/site\\\/#\\\/schema\\\/person\\\/9d9ee2eec28d681796264261a10ef007\",\"name\":\"PISK\",\"image\":{\"@type\":\"ImageObject\",\"inLanguage\":\"fr-FR\",\"@id\":\"https:\\\/\\\/secure.gravatar.com\\\/avatar\\\/10fd830c47f359563c208ec7a2832c91c1957fe839b190df787fbcaf5e7f9bd2?s=96&d=mm&r=g\",\"url\":\"https:\\\/\\\/secure.gravatar.com\\\/avatar\\\/10fd830c47f359563c208ec7a2832c91c1957fe839b190df787fbcaf5e7f9bd2?s=96&d=mm&r=g\",\"contentUrl\":\"https:\\\/\\\/secure.gravatar.com\\\/avatar\\\/10fd830c47f359563c208ec7a2832c91c1957fe839b190df787fbcaf5e7f9bd2?s=96&d=mm&r=g\",\"caption\":\"PISK\"},\"sameAs\":[\"http:\\\/\\\/www.ineditfitness.com\"]}]}<\/script>\n<!-- \/ Yoast SEO plugin. -->","yoast_head_json":{"title":"1er Anniversaire - Portes Ouvertes - INEDIT FITNESS | Chassieu","description":"Portes ouvertes, du lundi 25 au vendredi 29 janvier 2016, Venez d\u00e9couvrir les diff\u00e9rents programmes du Studio INEDIT FITNESS. Acc\u00e8s offert pour les 1 an du Studio ....","robots":{"index":"index","follow":"follow","max-snippet":"max-snippet:-1","max-image-preview":"max-image-preview:large","max-video-preview":"max-video-preview:-1"},"canonical":"https:\/\/ineditfitness.com\/site\/1er-anniversaire\/","og_locale":"fr_FR","og_type":"article","og_title":"1 er Anniversaire - Portes Ouvertes","og_description":"Pour les 1 an du Studio INEDIT FITNESS, nous vous invitons \u00e0 venir essayer les diff\u00e9rents programmes propos\u00e9s ! Vous \u00eates membre ! N'h\u00e9sitez pas \u00e0 venir d\u00e9couvrir d'autres programmes gracieusement. Vous n'\u00eates pas encore membre, c'est le moment de venir nous rencontrer et essayer le(s) programmes de votre choix. Vous avez besoin d'\u00eatre conseill\u00e9, Contactez nous !","og_url":"https:\/\/ineditfitness.com\/site\/1er-anniversaire\/","og_site_name":"INEDIT FITNESS | Chassieu","article_published_time":"2016-01-14T12:00:05+00:00","article_modified_time":"2016-01-19T09:07:05+00:00","og_image":[{"width":794,"height":1123,"url":"https:\/\/ineditfitness.com\/site\/wp-content\/uploads\/2016\/01\/Studio-INEDIT-FITNESS-1er-Anniversaire.jpg","type":"image\/jpeg"}],"author":"PISK","twitter_misc":{"\u00c9crit par":"PISK","Dur\u00e9e de lecture estim\u00e9e":"1 minute"},"schema":{"@context":"https:\/\/schema.org","@graph":[{"@type":"Article","@id":"https:\/\/ineditfitness.com\/site\/1er-anniversaire\/#article","isPartOf":{"@id":"https:\/\/ineditfitness.com\/site\/1er-anniversaire\/"},"author":{"name":"PISK","@id":"https:\/\/ineditfitness.com\/site\/#\/schema\/person\/9d9ee2eec28d681796264261a10ef007"},"headline":"1er Anniversaire &#8211; Portes Ouvertes","datePublished":"2016-01-14T12:00:05+00:00","dateModified":"2016-01-19T09:07:05+00:00","mainEntityOfPage":{"@id":"https:\/\/ineditfitness.com\/site\/1er-anniversaire\/"},"wordCount":195,"commentCount":0,"publisher":{"@id":"https:\/\/ineditfitness.com\/site\/#organization"},"image":{"@id":"https:\/\/ineditfitness.com\/site\/1er-anniversaire\/#primaryimage"},"thumbnailUrl":"https:\/\/ineditfitness.com\/site\/wp-content\/uploads\/2016\/01\/Studio-INEDIT-FITNESS-1er-Anniversaire.jpg","articleSection":["Evenements","porte ouverte"],"inLanguage":"fr-FR","potentialAction":[{"@type":"CommentAction","name":"Comment","target":["https:\/\/ineditfitness.com\/site\/1er-anniversaire\/#respond"]}]},{"@type":"WebPage","@id":"https:\/\/ineditfitness.com\/site\/1er-anniversaire\/","url":"https:\/\/ineditfitness.com\/site\/1er-anniversaire\/","name":"1er Anniversaire - Portes Ouvertes - INEDIT FITNESS | Chassieu","isPartOf":{"@id":"https:\/\/ineditfitness.com\/site\/#website"},"primaryImageOfPage":{"@id":"https:\/\/ineditfitness.com\/site\/1er-anniversaire\/#primaryimage"},"image":{"@id":"https:\/\/ineditfitness.com\/site\/1er-anniversaire\/#primaryimage"},"thumbnailUrl":"https:\/\/ineditfitness.com\/site\/wp-content\/uploads\/2016\/01\/Studio-INEDIT-FITNESS-1er-Anniversaire.jpg","datePublished":"2016-01-14T12:00:05+00:00","dateModified":"2016-01-19T09:07:05+00:00","description":"Portes ouvertes, du lundi 25 au vendredi 29 janvier 2016, Venez d\u00e9couvrir les diff\u00e9rents programmes du Studio INEDIT FITNESS. Acc\u00e8s offert pour les 1 an du Studio ....","breadcrumb":{"@id":"https:\/\/ineditfitness.com\/site\/1er-anniversaire\/#breadcrumb"},"inLanguage":"fr-FR","potentialAction":[{"@type":"ReadAction","target":["https:\/\/ineditfitness.com\/site\/1er-anniversaire\/"]}]},{"@type":"ImageObject","inLanguage":"fr-FR","@id":"https:\/\/ineditfitness.com\/site\/1er-anniversaire\/#primaryimage","url":"https:\/\/ineditfitness.com\/site\/wp-content\/uploads\/2016\/01\/Studio-INEDIT-FITNESS-1er-Anniversaire.jpg","contentUrl":"https:\/\/ineditfitness.com\/site\/wp-content\/uploads\/2016\/01\/Studio-INEDIT-FITNESS-1er-Anniversaire.jpg","width":794,"height":1123},{"@type":"BreadcrumbList","@id":"https:\/\/ineditfitness.com\/site\/1er-anniversaire\/#breadcrumb","itemListElement":[{"@type":"ListItem","position":1,"name":"Accueil","item":"https:\/\/ineditfitness.com\/site\/"},{"@type":"ListItem","position":2,"name":"1er Anniversaire &#8211; Portes Ouvertes"}]},{"@type":"WebSite","@id":"https:\/\/ineditfitness.com\/site\/#website","url":"https:\/\/ineditfitness.com\/site\/","name":"INEDIT FITNESS | Chassieu","description":"Vous \u00eates unique, notre coaching aussi - Salle de Sport - Fitness - Stretching - Pilates - Training - Cardio - Marche Nordique - Coaching Individuel - Small groupe","publisher":{"@id":"https:\/\/ineditfitness.com\/site\/#organization"},"potentialAction":[{"@type":"SearchAction","target":{"@type":"EntryPoint","urlTemplate":"https:\/\/ineditfitness.com\/site\/?s={search_term_string}"},"query-input":{"@type":"PropertyValueSpecification","valueRequired":true,"valueName":"search_term_string"}}],"inLanguage":"fr-FR"},{"@type":"Organization","@id":"https:\/\/ineditfitness.com\/site\/#organization","name":"INEDIT FITNESS","url":"https:\/\/ineditfitness.com\/site\/","logo":{"@type":"ImageObject","inLanguage":"fr-FR","@id":"https:\/\/ineditfitness.com\/site\/#\/schema\/logo\/image\/","url":"https:\/\/ineditfitness.com\/site\/wp-content\/uploads\/2014\/12\/studio_inedit_fitness_logo_site.png","contentUrl":"https:\/\/ineditfitness.com\/site\/wp-content\/uploads\/2014\/12\/studio_inedit_fitness_logo_site.png","width":600,"height":210,"caption":"INEDIT FITNESS"},"image":{"@id":"https:\/\/ineditfitness.com\/site\/#\/schema\/logo\/image\/"}},{"@type":"Person","@id":"https:\/\/ineditfitness.com\/site\/#\/schema\/person\/9d9ee2eec28d681796264261a10ef007","name":"PISK","image":{"@type":"ImageObject","inLanguage":"fr-FR","@id":"https:\/\/secure.gravatar.com\/avatar\/10fd830c47f359563c208ec7a2832c91c1957fe839b190df787fbcaf5e7f9bd2?s=96&d=mm&r=g","url":"https:\/\/secure.gravatar.com\/avatar\/10fd830c47f359563c208ec7a2832c91c1957fe839b190df787fbcaf5e7f9bd2?s=96&d=mm&r=g","contentUrl":"https:\/\/secure.gravatar.com\/avatar\/10fd830c47f359563c208ec7a2832c91c1957fe839b190df787fbcaf5e7f9bd2?s=96&d=mm&r=g","caption":"PISK"},"sameAs":["http:\/\/www.ineditfitness.com"]}]}},"_links":{"self":[{"href":"https:\/\/ineditfitness.com\/site\/wp-json\/wp\/v2\/posts\/6170","targetHints":{"allow":["GET"]}}],"collection":[{"href":"https:\/\/ineditfitness.com\/site\/wp-json\/wp\/v2\/posts"}],"about":[{"href":"https:\/\/ineditfitness.com\/site\/wp-json\/wp\/v2\/types\/post"}],"author":[{"embeddable":true,"href":"https:\/\/ineditfitness.com\/site\/wp-json\/wp\/v2\/users\/3"}],"replies":[{"embeddable":true,"href":"https:\/\/ineditfitness.com\/site\/wp-json\/wp\/v2\/comments?post=6170"}],"version-history":[{"count":0,"href":"https:\/\/ineditfitness.com\/site\/wp-json\/wp\/v2\/posts\/6170\/revisions"}],"wp:featuredmedia":[{"embeddable":true,"href":"https:\/\/ineditfitness.com\/site\/wp-json\/wp\/v2\/media\/6171"}],"wp:attachment":[{"href":"https:\/\/ineditfitness.com\/site\/wp-json\/wp\/v2\/media?parent=6170"}],"wp:term":[{"taxonomy":"category","embeddable":true,"href":"https:\/\/ineditfitness.com\/site\/wp-json\/wp\/v2\/categories?post=6170"},{"taxonomy":"post_tag","embeddable":true,"href":"https:\/\/ineditfitness.com\/site\/wp-json\/wp\/v2\/tags?post=6170"}],"curies":[{"name":"wp","href":"https:\/\/api.w.org\/{rel}","templated":true}]}}