{"id":5885,"date":"2015-10-05T16:59:23","date_gmt":"2015-10-05T15:59:23","guid":{"rendered":"http:\/\/ineditfitness.com\/site\/?p=5885"},"modified":"2015-10-05T16:59:23","modified_gmt":"2015-10-05T15:59:23","slug":"lancement-nouvelles-chore-radical-fitness","status":"publish","type":"post","link":"https:\/\/ineditfitness.com\/site\/lancement-nouvelles-chore-radical-fitness\/","title":{"rendered":"Lancement nouvelles chor\u00e9 Radical Fitness"},"content":{"rendered":"<div class=\"wpb-content-wrapper\"><p>[vc_row][vc_column width=\u00a0\u00bb1\/2&Prime;][vc_single_image image=\u00a0\u00bb5886&Prime; border_color=\u00a0\u00bbgrey\u00a0\u00bb img_link_target=\u00a0\u00bb_self\u00a0\u00bb img_size=\u00a0\u00bblarge\u00a0\u00bb][\/vc_column][vc_column width=\u00a0\u00bb1\/2&Prime;][vc_column_text]<\/p>\n<p style=\"text-align: center;\"><strong><span style=\"color: #ff0000;\">Du 12 au 16 octobre<\/span><\/strong><\/p>\n<p style=\"text-align: center;\"><span style=\"color: #000000; background-color: #ffffff;\">VENEZ DECOUVRIR LES CONCEPTS RADICAL FITNESS<\/span><\/p>\n<p style=\"text-align: center;\"><span style=\"color: #ff0000; font-size: 14pt;\"><strong>SEANCES OFFERTES !<\/strong><\/span><\/p>\n<p style=\"text-align: center;\"><span style=\"color: #ffffff;\"><strong>NOUVEAU <\/strong>&#8230;<\/span> s\u00e9ances avec mini trampoline, sac de frappe, sangles&#8230;<\/p>\n<p style=\"text-align: center;\">Besoin d&rsquo;un conseil&#8230;. Nous sommes l\u00e0 pour vous orienter !<\/p>\n<p style=\"text-align: center;\">Pour plus d&rsquo;informations, contactez nous.<\/p>\n<p style=\"text-align: center;\"><span style=\"text-decoration: underline;\">Inscription recommand\u00e9e &#8211; places limit\u00e9es<\/span><\/p>\n<p>[\/vc_column_text][\/vc_column][\/vc_row]<\/p>\n<\/div>","protected":false},"excerpt":{"rendered":"<p>Venez d\u00e9couvrir les concepts Radical Fitness &#8230; du 12 au 16 octobre &#8230; s\u00e9ances offertes&#8230;.<\/p>\n","protected":false},"author":3,"featured_media":5886,"comment_status":"open","ping_status":"open","sticky":false,"template":"","format":"standard","meta":{"footnotes":""},"categories":[178],"tags":[],"class_list":["post-5885","post","type-post","status-publish","format-standard","has-post-thumbnail","hentry","category-evenements"],"yoast_head":"<!-- This site is optimized with the Yoast SEO plugin v27.4 - https:\/\/yoast.com\/product\/yoast-seo-wordpress\/ -->\n<title>Lancement nouvelles chor\u00e9 Radical Fitness - INEDIT FITNESS | Chassieu<\/title>\n<meta name=\"robots\" content=\"index, follow, max-snippet:-1, max-image-preview:large, max-video-preview:-1\" \/>\n<link rel=\"canonical\" href=\"https:\/\/ineditfitness.com\/site\/lancement-nouvelles-chore-radical-fitness\/\" \/>\n<meta property=\"og:locale\" content=\"fr_FR\" \/>\n<meta property=\"og:type\" content=\"article\" \/>\n<meta property=\"og:title\" content=\"Lancement nouvelles chor\u00e9 Radical Fitness - INEDIT FITNESS | Chassieu\" \/>\n<meta property=\"og:description\" content=\"Venez d\u00e9couvrir les concepts Radical Fitness ... du 12 au 16 octobre ... s\u00e9ances offertes....\" \/>\n<meta property=\"og:url\" content=\"https:\/\/ineditfitness.com\/site\/lancement-nouvelles-chore-radical-fitness\/\" \/>\n<meta property=\"og:site_name\" content=\"INEDIT FITNESS | Chassieu\" \/>\n<meta property=\"article:published_time\" content=\"2015-10-05T15:59:23+00:00\" \/>\n<meta property=\"og:image\" content=\"https:\/\/ineditfitness.com\/site\/wp-content\/uploads\/2015\/10\/lancement-news-chore-RF.jpg\" \/>\n\t<meta property=\"og:image:width\" content=\"794\" \/>\n\t<meta property=\"og:image:height\" content=\"1123\" \/>\n\t<meta property=\"og:image:type\" content=\"image\/jpeg\" \/>\n<meta name=\"author\" content=\"PISK\" \/>\n<meta name=\"twitter:label1\" content=\"\u00c9crit par\" \/>\n\t<meta name=\"twitter:data1\" content=\"PISK\" \/>\n<script type=\"application\/ld+json\" class=\"yoast-schema-graph\">{\"@context\":\"https:\\\/\\\/schema.org\",\"@graph\":[{\"@type\":\"Article\",\"@id\":\"https:\\\/\\\/ineditfitness.com\\\/site\\\/lancement-nouvelles-chore-radical-fitness\\\/#article\",\"isPartOf\":{\"@id\":\"https:\\\/\\\/ineditfitness.com\\\/site\\\/lancement-nouvelles-chore-radical-fitness\\\/\"},\"author\":{\"name\":\"PISK\",\"@id\":\"https:\\\/\\\/ineditfitness.com\\\/site\\\/#\\\/schema\\\/person\\\/9d9ee2eec28d681796264261a10ef007\"},\"headline\":\"Lancement nouvelles chor\u00e9 Radical Fitness\",\"datePublished\":\"2015-10-05T15:59:23+00:00\",\"mainEntityOfPage\":{\"@id\":\"https:\\\/\\\/ineditfitness.com\\\/site\\\/lancement-nouvelles-chore-radical-fitness\\\/\"},\"wordCount\":83,\"commentCount\":0,\"publisher\":{\"@id\":\"https:\\\/\\\/ineditfitness.com\\\/site\\\/#organization\"},\"image\":{\"@id\":\"https:\\\/\\\/ineditfitness.com\\\/site\\\/lancement-nouvelles-chore-radical-fitness\\\/#primaryimage\"},\"thumbnailUrl\":\"https:\\\/\\\/ineditfitness.com\\\/site\\\/wp-content\\\/uploads\\\/2015\\\/10\\\/lancement-news-chore-RF.jpg\",\"articleSection\":[\"Evenements\"],\"inLanguage\":\"fr-FR\",\"potentialAction\":[{\"@type\":\"CommentAction\",\"name\":\"Comment\",\"target\":[\"https:\\\/\\\/ineditfitness.com\\\/site\\\/lancement-nouvelles-chore-radical-fitness\\\/#respond\"]}]},{\"@type\":\"WebPage\",\"@id\":\"https:\\\/\\\/ineditfitness.com\\\/site\\\/lancement-nouvelles-chore-radical-fitness\\\/\",\"url\":\"https:\\\/\\\/ineditfitness.com\\\/site\\\/lancement-nouvelles-chore-radical-fitness\\\/\",\"name\":\"Lancement nouvelles chor\u00e9 Radical Fitness - INEDIT FITNESS | Chassieu\",\"isPartOf\":{\"@id\":\"https:\\\/\\\/ineditfitness.com\\\/site\\\/#website\"},\"primaryImageOfPage\":{\"@id\":\"https:\\\/\\\/ineditfitness.com\\\/site\\\/lancement-nouvelles-chore-radical-fitness\\\/#primaryimage\"},\"image\":{\"@id\":\"https:\\\/\\\/ineditfitness.com\\\/site\\\/lancement-nouvelles-chore-radical-fitness\\\/#primaryimage\"},\"thumbnailUrl\":\"https:\\\/\\\/ineditfitness.com\\\/site\\\/wp-content\\\/uploads\\\/2015\\\/10\\\/lancement-news-chore-RF.jpg\",\"datePublished\":\"2015-10-05T15:59:23+00:00\",\"breadcrumb\":{\"@id\":\"https:\\\/\\\/ineditfitness.com\\\/site\\\/lancement-nouvelles-chore-radical-fitness\\\/#breadcrumb\"},\"inLanguage\":\"fr-FR\",\"potentialAction\":[{\"@type\":\"ReadAction\",\"target\":[\"https:\\\/\\\/ineditfitness.com\\\/site\\\/lancement-nouvelles-chore-radical-fitness\\\/\"]}]},{\"@type\":\"ImageObject\",\"inLanguage\":\"fr-FR\",\"@id\":\"https:\\\/\\\/ineditfitness.com\\\/site\\\/lancement-nouvelles-chore-radical-fitness\\\/#primaryimage\",\"url\":\"https:\\\/\\\/ineditfitness.com\\\/site\\\/wp-content\\\/uploads\\\/2015\\\/10\\\/lancement-news-chore-RF.jpg\",\"contentUrl\":\"https:\\\/\\\/ineditfitness.com\\\/site\\\/wp-content\\\/uploads\\\/2015\\\/10\\\/lancement-news-chore-RF.jpg\",\"width\":794,\"height\":1123},{\"@type\":\"BreadcrumbList\",\"@id\":\"https:\\\/\\\/ineditfitness.com\\\/site\\\/lancement-nouvelles-chore-radical-fitness\\\/#breadcrumb\",\"itemListElement\":[{\"@type\":\"ListItem\",\"position\":1,\"name\":\"Accueil\",\"item\":\"https:\\\/\\\/ineditfitness.com\\\/site\\\/\"},{\"@type\":\"ListItem\",\"position\":2,\"name\":\"Lancement nouvelles chor\u00e9 Radical Fitness\"}]},{\"@type\":\"WebSite\",\"@id\":\"https:\\\/\\\/ineditfitness.com\\\/site\\\/#website\",\"url\":\"https:\\\/\\\/ineditfitness.com\\\/site\\\/\",\"name\":\"INEDIT FITNESS | Chassieu\",\"description\":\"Vous \u00eates unique, notre coaching aussi - Salle de Sport - Fitness - Stretching - Pilates - Training - Cardio - Marche Nordique - Coaching Individuel - Small groupe\",\"publisher\":{\"@id\":\"https:\\\/\\\/ineditfitness.com\\\/site\\\/#organization\"},\"potentialAction\":[{\"@type\":\"SearchAction\",\"target\":{\"@type\":\"EntryPoint\",\"urlTemplate\":\"https:\\\/\\\/ineditfitness.com\\\/site\\\/?s={search_term_string}\"},\"query-input\":{\"@type\":\"PropertyValueSpecification\",\"valueRequired\":true,\"valueName\":\"search_term_string\"}}],\"inLanguage\":\"fr-FR\"},{\"@type\":\"Organization\",\"@id\":\"https:\\\/\\\/ineditfitness.com\\\/site\\\/#organization\",\"name\":\"INEDIT FITNESS\",\"url\":\"https:\\\/\\\/ineditfitness.com\\\/site\\\/\",\"logo\":{\"@type\":\"ImageObject\",\"inLanguage\":\"fr-FR\",\"@id\":\"https:\\\/\\\/ineditfitness.com\\\/site\\\/#\\\/schema\\\/logo\\\/image\\\/\",\"url\":\"https:\\\/\\\/ineditfitness.com\\\/site\\\/wp-content\\\/uploads\\\/2014\\\/12\\\/studio_inedit_fitness_logo_site.png\",\"contentUrl\":\"https:\\\/\\\/ineditfitness.com\\\/site\\\/wp-content\\\/uploads\\\/2014\\\/12\\\/studio_inedit_fitness_logo_site.png\",\"width\":600,\"height\":210,\"caption\":\"INEDIT FITNESS\"},\"image\":{\"@id\":\"https:\\\/\\\/ineditfitness.com\\\/site\\\/#\\\/schema\\\/logo\\\/image\\\/\"}},{\"@type\":\"Person\",\"@id\":\"https:\\\/\\\/ineditfitness.com\\\/site\\\/#\\\/schema\\\/person\\\/9d9ee2eec28d681796264261a10ef007\",\"name\":\"PISK\",\"image\":{\"@type\":\"ImageObject\",\"inLanguage\":\"fr-FR\",\"@id\":\"https:\\\/\\\/secure.gravatar.com\\\/avatar\\\/10fd830c47f359563c208ec7a2832c91c1957fe839b190df787fbcaf5e7f9bd2?s=96&d=mm&r=g\",\"url\":\"https:\\\/\\\/secure.gravatar.com\\\/avatar\\\/10fd830c47f359563c208ec7a2832c91c1957fe839b190df787fbcaf5e7f9bd2?s=96&d=mm&r=g\",\"contentUrl\":\"https:\\\/\\\/secure.gravatar.com\\\/avatar\\\/10fd830c47f359563c208ec7a2832c91c1957fe839b190df787fbcaf5e7f9bd2?s=96&d=mm&r=g\",\"caption\":\"PISK\"},\"sameAs\":[\"http:\\\/\\\/www.ineditfitness.com\"]}]}<\/script>\n<!-- \/ Yoast SEO plugin. -->","yoast_head_json":{"title":"Lancement nouvelles chor\u00e9 Radical Fitness - INEDIT FITNESS | Chassieu","robots":{"index":"index","follow":"follow","max-snippet":"max-snippet:-1","max-image-preview":"max-image-preview:large","max-video-preview":"max-video-preview:-1"},"canonical":"https:\/\/ineditfitness.com\/site\/lancement-nouvelles-chore-radical-fitness\/","og_locale":"fr_FR","og_type":"article","og_title":"Lancement nouvelles chor\u00e9 Radical Fitness - INEDIT FITNESS | Chassieu","og_description":"Venez d\u00e9couvrir les concepts Radical Fitness ... du 12 au 16 octobre ... s\u00e9ances offertes....","og_url":"https:\/\/ineditfitness.com\/site\/lancement-nouvelles-chore-radical-fitness\/","og_site_name":"INEDIT FITNESS | Chassieu","article_published_time":"2015-10-05T15:59:23+00:00","og_image":[{"width":794,"height":1123,"url":"https:\/\/ineditfitness.com\/site\/wp-content\/uploads\/2015\/10\/lancement-news-chore-RF.jpg","type":"image\/jpeg"}],"author":"PISK","twitter_misc":{"\u00c9crit par":"PISK"},"schema":{"@context":"https:\/\/schema.org","@graph":[{"@type":"Article","@id":"https:\/\/ineditfitness.com\/site\/lancement-nouvelles-chore-radical-fitness\/#article","isPartOf":{"@id":"https:\/\/ineditfitness.com\/site\/lancement-nouvelles-chore-radical-fitness\/"},"author":{"name":"PISK","@id":"https:\/\/ineditfitness.com\/site\/#\/schema\/person\/9d9ee2eec28d681796264261a10ef007"},"headline":"Lancement nouvelles chor\u00e9 Radical Fitness","datePublished":"2015-10-05T15:59:23+00:00","mainEntityOfPage":{"@id":"https:\/\/ineditfitness.com\/site\/lancement-nouvelles-chore-radical-fitness\/"},"wordCount":83,"commentCount":0,"publisher":{"@id":"https:\/\/ineditfitness.com\/site\/#organization"},"image":{"@id":"https:\/\/ineditfitness.com\/site\/lancement-nouvelles-chore-radical-fitness\/#primaryimage"},"thumbnailUrl":"https:\/\/ineditfitness.com\/site\/wp-content\/uploads\/2015\/10\/lancement-news-chore-RF.jpg","articleSection":["Evenements"],"inLanguage":"fr-FR","potentialAction":[{"@type":"CommentAction","name":"Comment","target":["https:\/\/ineditfitness.com\/site\/lancement-nouvelles-chore-radical-fitness\/#respond"]}]},{"@type":"WebPage","@id":"https:\/\/ineditfitness.com\/site\/lancement-nouvelles-chore-radical-fitness\/","url":"https:\/\/ineditfitness.com\/site\/lancement-nouvelles-chore-radical-fitness\/","name":"Lancement nouvelles chor\u00e9 Radical Fitness - INEDIT FITNESS | Chassieu","isPartOf":{"@id":"https:\/\/ineditfitness.com\/site\/#website"},"primaryImageOfPage":{"@id":"https:\/\/ineditfitness.com\/site\/lancement-nouvelles-chore-radical-fitness\/#primaryimage"},"image":{"@id":"https:\/\/ineditfitness.com\/site\/lancement-nouvelles-chore-radical-fitness\/#primaryimage"},"thumbnailUrl":"https:\/\/ineditfitness.com\/site\/wp-content\/uploads\/2015\/10\/lancement-news-chore-RF.jpg","datePublished":"2015-10-05T15:59:23+00:00","breadcrumb":{"@id":"https:\/\/ineditfitness.com\/site\/lancement-nouvelles-chore-radical-fitness\/#breadcrumb"},"inLanguage":"fr-FR","potentialAction":[{"@type":"ReadAction","target":["https:\/\/ineditfitness.com\/site\/lancement-nouvelles-chore-radical-fitness\/"]}]},{"@type":"ImageObject","inLanguage":"fr-FR","@id":"https:\/\/ineditfitness.com\/site\/lancement-nouvelles-chore-radical-fitness\/#primaryimage","url":"https:\/\/ineditfitness.com\/site\/wp-content\/uploads\/2015\/10\/lancement-news-chore-RF.jpg","contentUrl":"https:\/\/ineditfitness.com\/site\/wp-content\/uploads\/2015\/10\/lancement-news-chore-RF.jpg","width":794,"height":1123},{"@type":"BreadcrumbList","@id":"https:\/\/ineditfitness.com\/site\/lancement-nouvelles-chore-radical-fitness\/#breadcrumb","itemListElement":[{"@type":"ListItem","position":1,"name":"Accueil","item":"https:\/\/ineditfitness.com\/site\/"},{"@type":"ListItem","position":2,"name":"Lancement nouvelles chor\u00e9 Radical Fitness"}]},{"@type":"WebSite","@id":"https:\/\/ineditfitness.com\/site\/#website","url":"https:\/\/ineditfitness.com\/site\/","name":"INEDIT FITNESS | Chassieu","description":"Vous \u00eates unique, notre coaching aussi - Salle de Sport - Fitness - Stretching - Pilates - Training - Cardio - Marche Nordique - Coaching Individuel - Small groupe","publisher":{"@id":"https:\/\/ineditfitness.com\/site\/#organization"},"potentialAction":[{"@type":"SearchAction","target":{"@type":"EntryPoint","urlTemplate":"https:\/\/ineditfitness.com\/site\/?s={search_term_string}"},"query-input":{"@type":"PropertyValueSpecification","valueRequired":true,"valueName":"search_term_string"}}],"inLanguage":"fr-FR"},{"@type":"Organization","@id":"https:\/\/ineditfitness.com\/site\/#organization","name":"INEDIT FITNESS","url":"https:\/\/ineditfitness.com\/site\/","logo":{"@type":"ImageObject","inLanguage":"fr-FR","@id":"https:\/\/ineditfitness.com\/site\/#\/schema\/logo\/image\/","url":"https:\/\/ineditfitness.com\/site\/wp-content\/uploads\/2014\/12\/studio_inedit_fitness_logo_site.png","contentUrl":"https:\/\/ineditfitness.com\/site\/wp-content\/uploads\/2014\/12\/studio_inedit_fitness_logo_site.png","width":600,"height":210,"caption":"INEDIT FITNESS"},"image":{"@id":"https:\/\/ineditfitness.com\/site\/#\/schema\/logo\/image\/"}},{"@type":"Person","@id":"https:\/\/ineditfitness.com\/site\/#\/schema\/person\/9d9ee2eec28d681796264261a10ef007","name":"PISK","image":{"@type":"ImageObject","inLanguage":"fr-FR","@id":"https:\/\/secure.gravatar.com\/avatar\/10fd830c47f359563c208ec7a2832c91c1957fe839b190df787fbcaf5e7f9bd2?s=96&d=mm&r=g","url":"https:\/\/secure.gravatar.com\/avatar\/10fd830c47f359563c208ec7a2832c91c1957fe839b190df787fbcaf5e7f9bd2?s=96&d=mm&r=g","contentUrl":"https:\/\/secure.gravatar.com\/avatar\/10fd830c47f359563c208ec7a2832c91c1957fe839b190df787fbcaf5e7f9bd2?s=96&d=mm&r=g","caption":"PISK"},"sameAs":["http:\/\/www.ineditfitness.com"]}]}},"_links":{"self":[{"href":"https:\/\/ineditfitness.com\/site\/wp-json\/wp\/v2\/posts\/5885","targetHints":{"allow":["GET"]}}],"collection":[{"href":"https:\/\/ineditfitness.com\/site\/wp-json\/wp\/v2\/posts"}],"about":[{"href":"https:\/\/ineditfitness.com\/site\/wp-json\/wp\/v2\/types\/post"}],"author":[{"embeddable":true,"href":"https:\/\/ineditfitness.com\/site\/wp-json\/wp\/v2\/users\/3"}],"replies":[{"embeddable":true,"href":"https:\/\/ineditfitness.com\/site\/wp-json\/wp\/v2\/comments?post=5885"}],"version-history":[{"count":0,"href":"https:\/\/ineditfitness.com\/site\/wp-json\/wp\/v2\/posts\/5885\/revisions"}],"wp:featuredmedia":[{"embeddable":true,"href":"https:\/\/ineditfitness.com\/site\/wp-json\/wp\/v2\/media\/5886"}],"wp:attachment":[{"href":"https:\/\/ineditfitness.com\/site\/wp-json\/wp\/v2\/media?parent=5885"}],"wp:term":[{"taxonomy":"category","embeddable":true,"href":"https:\/\/ineditfitness.com\/site\/wp-json\/wp\/v2\/categories?post=5885"},{"taxonomy":"post_tag","embeddable":true,"href":"https:\/\/ineditfitness.com\/site\/wp-json\/wp\/v2\/tags?post=5885"}],"curies":[{"name":"wp","href":"https:\/\/api.w.org\/{rel}","templated":true}]}}