{"id":5279,"date":"2015-03-05T15:24:01","date_gmt":"2015-03-05T14:24:01","guid":{"rendered":"http:\/\/ineditfitness.com\/site\/?p=5279"},"modified":"2015-03-13T10:52:32","modified_gmt":"2015-03-13T09:52:32","slug":"stage-dimanche-29-mars","status":"publish","type":"post","link":"https:\/\/ineditfitness.com\/site\/stage-dimanche-29-mars\/","title":{"rendered":"Stage dimanche 29 mars"},"content":{"rendered":"<div class=\"wpb-content-wrapper\"><p>[vc_row][vc_column width=\u00a0\u00bb2\/3&Prime;][vc_single_image image=\u00a0\u00bb5289&Prime; border_color=\u00a0\u00bbgrey\u00a0\u00bb img_link_target=\u00a0\u00bb_self\u00a0\u00bb img_size=\u00a0\u00bb700&#215;700&Prime; alignment=\u00a0\u00bbcenter\u00a0\u00bb img_link_large=\u00a0\u00bbyes\u00a0\u00bb][\/vc_column][vc_column width=\u00a0\u00bb1\/3&Prime;][vc_column_text]<\/p>\n<p style=\"text-align: center;\"><strong><span style=\"font-size: 18pt;\">Venez bouger au Studio INEDIT FITNESS\u00a0<\/span><\/strong><\/p>\n<p style=\"text-align: center;\"><span style=\"font-family: arial, helvetica, sans-serif;\">Venez tester des concepts exclusif Radical Fitness \u00a0\u00a0<\/span><\/p>\n<p style=\"text-align: center;\"><span style=\"font-family: arial, helvetica, sans-serif;\"><span style=\"font-size: 12pt;\"><strong> Mini trampoline \u00a0 Sac de frappe \u00a0 Sangles<\/strong><\/span><\/span><\/p>\n<p style=\"text-align: center;\"><span style=\"font-size: 12pt;\"><strong><span style=\"font-family: arial, helvetica, sans-serif;\">Et sans oublier le concept la Zumba\u00a0<\/span><\/strong><\/span><\/p>\n<p style=\"text-align: center;\"><span style=\"font-family: arial, helvetica, sans-serif;\">Entre chaque cours <span style=\"text-decoration: underline;\">une collation di\u00e9t\u00e9tique sportive, vous \u00eates offert !!!<\/span><\/span><\/p>\n<p style=\"text-align: center;\"><span style=\"font-family: arial, helvetica, sans-serif;\">Venez partager un moment pleins d&rsquo;\u00e9nergie et de convivialit\u00e9 avec Caroline et Maud.<\/span><\/p>\n<p style=\"text-align: center;\"><span style=\"font-size: 14pt; font-family: arial, helvetica, sans-serif; background-color: #ff0000;\">Participation sur inscription!<\/span><\/p>\n<p style=\"text-align: center;\"><span style=\"font-family: arial, helvetica, sans-serif;\"><strong><span style=\"font-size: 14pt;\"><span style=\"background-color: #ff0000;\">Places limit\u00e9es<\/span>\u00a0<\/span><\/strong><\/span><\/p>\n<p>[\/vc_column_text][\/vc_column][\/vc_row]<\/p>\n<\/div>","protected":false},"excerpt":{"rendered":"<p>Venez bouger au Studio INEDIT FITNESS !  Venez tester des concepts exclusif Radical Fitness, mini trampoline, sac de frappe, sangles et sans oublier le concept la zumba.<\/p>\n","protected":false},"author":3,"featured_media":5289,"comment_status":"open","ping_status":"open","sticky":false,"template":"","format":"standard","meta":{"footnotes":""},"categories":[178,192,4,5],"tags":[],"class_list":["post-5279","post","type-post","status-publish","format-standard","has-post-thumbnail","hentry","category-evenements","category-stage","category-ubound","category-zumba"],"yoast_head":"<!-- This site is optimized with the Yoast SEO plugin v27.4 - https:\/\/yoast.com\/product\/yoast-seo-wordpress\/ -->\n<title>Stage dimanche 29 mars - INEDIT FITNESS | Chassieu<\/title>\n<meta name=\"robots\" content=\"index, follow, max-snippet:-1, max-image-preview:large, max-video-preview:-1\" \/>\n<link rel=\"canonical\" href=\"https:\/\/ineditfitness.com\/site\/stage-dimanche-29-mars\/\" \/>\n<meta property=\"og:locale\" content=\"fr_FR\" \/>\n<meta property=\"og:type\" content=\"article\" \/>\n<meta property=\"og:title\" content=\"Stage dimanche 29 mars - INEDIT FITNESS | Chassieu\" \/>\n<meta property=\"og:description\" content=\"Venez bouger au Studio INEDIT FITNESS ! Venez tester des concepts exclusif Radical Fitness, mini trampoline, sac de frappe, sangles et sans oublier le concept la zumba.\" \/>\n<meta property=\"og:url\" content=\"https:\/\/ineditfitness.com\/site\/stage-dimanche-29-mars\/\" \/>\n<meta property=\"og:site_name\" content=\"INEDIT FITNESS | Chassieu\" \/>\n<meta property=\"article:published_time\" content=\"2015-03-05T14:24:01+00:00\" \/>\n<meta property=\"article:modified_time\" content=\"2015-03-13T09:52:32+00:00\" \/>\n<meta property=\"og:image\" content=\"https:\/\/ineditfitness.com\/site\/wp-content\/uploads\/2015\/03\/Studio-INEDIT-FITNESS-Stage-dimanche-29-mars1-e1426241050940.jpg\" \/>\n\t<meta property=\"og:image:width\" content=\"300\" \/>\n\t<meta property=\"og:image:height\" content=\"300\" \/>\n\t<meta property=\"og:image:type\" content=\"image\/jpeg\" \/>\n<meta name=\"author\" content=\"PISK\" \/>\n<meta name=\"twitter:label1\" content=\"\u00c9crit par\" \/>\n\t<meta name=\"twitter:data1\" content=\"PISK\" \/>\n<script type=\"application\/ld+json\" class=\"yoast-schema-graph\">{\"@context\":\"https:\\\/\\\/schema.org\",\"@graph\":[{\"@type\":\"Article\",\"@id\":\"https:\\\/\\\/ineditfitness.com\\\/site\\\/stage-dimanche-29-mars\\\/#article\",\"isPartOf\":{\"@id\":\"https:\\\/\\\/ineditfitness.com\\\/site\\\/stage-dimanche-29-mars\\\/\"},\"author\":{\"name\":\"PISK\",\"@id\":\"https:\\\/\\\/ineditfitness.com\\\/site\\\/#\\\/schema\\\/person\\\/9d9ee2eec28d681796264261a10ef007\"},\"headline\":\"Stage dimanche 29 mars\",\"datePublished\":\"2015-03-05T14:24:01+00:00\",\"dateModified\":\"2015-03-13T09:52:32+00:00\",\"mainEntityOfPage\":{\"@id\":\"https:\\\/\\\/ineditfitness.com\\\/site\\\/stage-dimanche-29-mars\\\/\"},\"wordCount\":101,\"commentCount\":0,\"publisher\":{\"@id\":\"https:\\\/\\\/ineditfitness.com\\\/site\\\/#organization\"},\"image\":{\"@id\":\"https:\\\/\\\/ineditfitness.com\\\/site\\\/stage-dimanche-29-mars\\\/#primaryimage\"},\"thumbnailUrl\":\"https:\\\/\\\/ineditfitness.com\\\/site\\\/wp-content\\\/uploads\\\/2015\\\/03\\\/Studio-INEDIT-FITNESS-Stage-dimanche-29-mars1-e1426241050940.jpg\",\"articleSection\":[\"Evenements\",\"stage\",\"Ubound\",\"Zumba\"],\"inLanguage\":\"fr-FR\",\"potentialAction\":[{\"@type\":\"CommentAction\",\"name\":\"Comment\",\"target\":[\"https:\\\/\\\/ineditfitness.com\\\/site\\\/stage-dimanche-29-mars\\\/#respond\"]}]},{\"@type\":\"WebPage\",\"@id\":\"https:\\\/\\\/ineditfitness.com\\\/site\\\/stage-dimanche-29-mars\\\/\",\"url\":\"https:\\\/\\\/ineditfitness.com\\\/site\\\/stage-dimanche-29-mars\\\/\",\"name\":\"Stage dimanche 29 mars - INEDIT FITNESS | Chassieu\",\"isPartOf\":{\"@id\":\"https:\\\/\\\/ineditfitness.com\\\/site\\\/#website\"},\"primaryImageOfPage\":{\"@id\":\"https:\\\/\\\/ineditfitness.com\\\/site\\\/stage-dimanche-29-mars\\\/#primaryimage\"},\"image\":{\"@id\":\"https:\\\/\\\/ineditfitness.com\\\/site\\\/stage-dimanche-29-mars\\\/#primaryimage\"},\"thumbnailUrl\":\"https:\\\/\\\/ineditfitness.com\\\/site\\\/wp-content\\\/uploads\\\/2015\\\/03\\\/Studio-INEDIT-FITNESS-Stage-dimanche-29-mars1-e1426241050940.jpg\",\"datePublished\":\"2015-03-05T14:24:01+00:00\",\"dateModified\":\"2015-03-13T09:52:32+00:00\",\"breadcrumb\":{\"@id\":\"https:\\\/\\\/ineditfitness.com\\\/site\\\/stage-dimanche-29-mars\\\/#breadcrumb\"},\"inLanguage\":\"fr-FR\",\"potentialAction\":[{\"@type\":\"ReadAction\",\"target\":[\"https:\\\/\\\/ineditfitness.com\\\/site\\\/stage-dimanche-29-mars\\\/\"]}]},{\"@type\":\"ImageObject\",\"inLanguage\":\"fr-FR\",\"@id\":\"https:\\\/\\\/ineditfitness.com\\\/site\\\/stage-dimanche-29-mars\\\/#primaryimage\",\"url\":\"https:\\\/\\\/ineditfitness.com\\\/site\\\/wp-content\\\/uploads\\\/2015\\\/03\\\/Studio-INEDIT-FITNESS-Stage-dimanche-29-mars1-e1426241050940.jpg\",\"contentUrl\":\"https:\\\/\\\/ineditfitness.com\\\/site\\\/wp-content\\\/uploads\\\/2015\\\/03\\\/Studio-INEDIT-FITNESS-Stage-dimanche-29-mars1-e1426241050940.jpg\",\"width\":300,\"height\":300},{\"@type\":\"BreadcrumbList\",\"@id\":\"https:\\\/\\\/ineditfitness.com\\\/site\\\/stage-dimanche-29-mars\\\/#breadcrumb\",\"itemListElement\":[{\"@type\":\"ListItem\",\"position\":1,\"name\":\"Accueil\",\"item\":\"https:\\\/\\\/ineditfitness.com\\\/site\\\/\"},{\"@type\":\"ListItem\",\"position\":2,\"name\":\"Stage dimanche 29 mars\"}]},{\"@type\":\"WebSite\",\"@id\":\"https:\\\/\\\/ineditfitness.com\\\/site\\\/#website\",\"url\":\"https:\\\/\\\/ineditfitness.com\\\/site\\\/\",\"name\":\"INEDIT FITNESS | Chassieu\",\"description\":\"Vous \u00eates unique, notre coaching aussi - Salle de Sport - Fitness - Stretching - Pilates - Training - Cardio - Marche Nordique - Coaching Individuel - Small groupe\",\"publisher\":{\"@id\":\"https:\\\/\\\/ineditfitness.com\\\/site\\\/#organization\"},\"potentialAction\":[{\"@type\":\"SearchAction\",\"target\":{\"@type\":\"EntryPoint\",\"urlTemplate\":\"https:\\\/\\\/ineditfitness.com\\\/site\\\/?s={search_term_string}\"},\"query-input\":{\"@type\":\"PropertyValueSpecification\",\"valueRequired\":true,\"valueName\":\"search_term_string\"}}],\"inLanguage\":\"fr-FR\"},{\"@type\":\"Organization\",\"@id\":\"https:\\\/\\\/ineditfitness.com\\\/site\\\/#organization\",\"name\":\"INEDIT FITNESS\",\"url\":\"https:\\\/\\\/ineditfitness.com\\\/site\\\/\",\"logo\":{\"@type\":\"ImageObject\",\"inLanguage\":\"fr-FR\",\"@id\":\"https:\\\/\\\/ineditfitness.com\\\/site\\\/#\\\/schema\\\/logo\\\/image\\\/\",\"url\":\"https:\\\/\\\/ineditfitness.com\\\/site\\\/wp-content\\\/uploads\\\/2014\\\/12\\\/studio_inedit_fitness_logo_site.png\",\"contentUrl\":\"https:\\\/\\\/ineditfitness.com\\\/site\\\/wp-content\\\/uploads\\\/2014\\\/12\\\/studio_inedit_fitness_logo_site.png\",\"width\":600,\"height\":210,\"caption\":\"INEDIT FITNESS\"},\"image\":{\"@id\":\"https:\\\/\\\/ineditfitness.com\\\/site\\\/#\\\/schema\\\/logo\\\/image\\\/\"}},{\"@type\":\"Person\",\"@id\":\"https:\\\/\\\/ineditfitness.com\\\/site\\\/#\\\/schema\\\/person\\\/9d9ee2eec28d681796264261a10ef007\",\"name\":\"PISK\",\"image\":{\"@type\":\"ImageObject\",\"inLanguage\":\"fr-FR\",\"@id\":\"https:\\\/\\\/secure.gravatar.com\\\/avatar\\\/10fd830c47f359563c208ec7a2832c91c1957fe839b190df787fbcaf5e7f9bd2?s=96&d=mm&r=g\",\"url\":\"https:\\\/\\\/secure.gravatar.com\\\/avatar\\\/10fd830c47f359563c208ec7a2832c91c1957fe839b190df787fbcaf5e7f9bd2?s=96&d=mm&r=g\",\"contentUrl\":\"https:\\\/\\\/secure.gravatar.com\\\/avatar\\\/10fd830c47f359563c208ec7a2832c91c1957fe839b190df787fbcaf5e7f9bd2?s=96&d=mm&r=g\",\"caption\":\"PISK\"},\"sameAs\":[\"http:\\\/\\\/www.ineditfitness.com\"]}]}<\/script>\n<!-- \/ Yoast SEO plugin. -->","yoast_head_json":{"title":"Stage dimanche 29 mars - INEDIT FITNESS | Chassieu","robots":{"index":"index","follow":"follow","max-snippet":"max-snippet:-1","max-image-preview":"max-image-preview:large","max-video-preview":"max-video-preview:-1"},"canonical":"https:\/\/ineditfitness.com\/site\/stage-dimanche-29-mars\/","og_locale":"fr_FR","og_type":"article","og_title":"Stage dimanche 29 mars - INEDIT FITNESS | Chassieu","og_description":"Venez bouger au Studio INEDIT FITNESS ! Venez tester des concepts exclusif Radical Fitness, mini trampoline, sac de frappe, sangles et sans oublier le concept la zumba.","og_url":"https:\/\/ineditfitness.com\/site\/stage-dimanche-29-mars\/","og_site_name":"INEDIT FITNESS | Chassieu","article_published_time":"2015-03-05T14:24:01+00:00","article_modified_time":"2015-03-13T09:52:32+00:00","og_image":[{"width":300,"height":300,"url":"https:\/\/ineditfitness.com\/site\/wp-content\/uploads\/2015\/03\/Studio-INEDIT-FITNESS-Stage-dimanche-29-mars1-e1426241050940.jpg","type":"image\/jpeg"}],"author":"PISK","twitter_misc":{"\u00c9crit par":"PISK"},"schema":{"@context":"https:\/\/schema.org","@graph":[{"@type":"Article","@id":"https:\/\/ineditfitness.com\/site\/stage-dimanche-29-mars\/#article","isPartOf":{"@id":"https:\/\/ineditfitness.com\/site\/stage-dimanche-29-mars\/"},"author":{"name":"PISK","@id":"https:\/\/ineditfitness.com\/site\/#\/schema\/person\/9d9ee2eec28d681796264261a10ef007"},"headline":"Stage dimanche 29 mars","datePublished":"2015-03-05T14:24:01+00:00","dateModified":"2015-03-13T09:52:32+00:00","mainEntityOfPage":{"@id":"https:\/\/ineditfitness.com\/site\/stage-dimanche-29-mars\/"},"wordCount":101,"commentCount":0,"publisher":{"@id":"https:\/\/ineditfitness.com\/site\/#organization"},"image":{"@id":"https:\/\/ineditfitness.com\/site\/stage-dimanche-29-mars\/#primaryimage"},"thumbnailUrl":"https:\/\/ineditfitness.com\/site\/wp-content\/uploads\/2015\/03\/Studio-INEDIT-FITNESS-Stage-dimanche-29-mars1-e1426241050940.jpg","articleSection":["Evenements","stage","Ubound","Zumba"],"inLanguage":"fr-FR","potentialAction":[{"@type":"CommentAction","name":"Comment","target":["https:\/\/ineditfitness.com\/site\/stage-dimanche-29-mars\/#respond"]}]},{"@type":"WebPage","@id":"https:\/\/ineditfitness.com\/site\/stage-dimanche-29-mars\/","url":"https:\/\/ineditfitness.com\/site\/stage-dimanche-29-mars\/","name":"Stage dimanche 29 mars - INEDIT FITNESS | Chassieu","isPartOf":{"@id":"https:\/\/ineditfitness.com\/site\/#website"},"primaryImageOfPage":{"@id":"https:\/\/ineditfitness.com\/site\/stage-dimanche-29-mars\/#primaryimage"},"image":{"@id":"https:\/\/ineditfitness.com\/site\/stage-dimanche-29-mars\/#primaryimage"},"thumbnailUrl":"https:\/\/ineditfitness.com\/site\/wp-content\/uploads\/2015\/03\/Studio-INEDIT-FITNESS-Stage-dimanche-29-mars1-e1426241050940.jpg","datePublished":"2015-03-05T14:24:01+00:00","dateModified":"2015-03-13T09:52:32+00:00","breadcrumb":{"@id":"https:\/\/ineditfitness.com\/site\/stage-dimanche-29-mars\/#breadcrumb"},"inLanguage":"fr-FR","potentialAction":[{"@type":"ReadAction","target":["https:\/\/ineditfitness.com\/site\/stage-dimanche-29-mars\/"]}]},{"@type":"ImageObject","inLanguage":"fr-FR","@id":"https:\/\/ineditfitness.com\/site\/stage-dimanche-29-mars\/#primaryimage","url":"https:\/\/ineditfitness.com\/site\/wp-content\/uploads\/2015\/03\/Studio-INEDIT-FITNESS-Stage-dimanche-29-mars1-e1426241050940.jpg","contentUrl":"https:\/\/ineditfitness.com\/site\/wp-content\/uploads\/2015\/03\/Studio-INEDIT-FITNESS-Stage-dimanche-29-mars1-e1426241050940.jpg","width":300,"height":300},{"@type":"BreadcrumbList","@id":"https:\/\/ineditfitness.com\/site\/stage-dimanche-29-mars\/#breadcrumb","itemListElement":[{"@type":"ListItem","position":1,"name":"Accueil","item":"https:\/\/ineditfitness.com\/site\/"},{"@type":"ListItem","position":2,"name":"Stage dimanche 29 mars"}]},{"@type":"WebSite","@id":"https:\/\/ineditfitness.com\/site\/#website","url":"https:\/\/ineditfitness.com\/site\/","name":"INEDIT FITNESS | Chassieu","description":"Vous \u00eates unique, notre coaching aussi - Salle de Sport - Fitness - Stretching - Pilates - Training - Cardio - Marche Nordique - Coaching Individuel - Small groupe","publisher":{"@id":"https:\/\/ineditfitness.com\/site\/#organization"},"potentialAction":[{"@type":"SearchAction","target":{"@type":"EntryPoint","urlTemplate":"https:\/\/ineditfitness.com\/site\/?s={search_term_string}"},"query-input":{"@type":"PropertyValueSpecification","valueRequired":true,"valueName":"search_term_string"}}],"inLanguage":"fr-FR"},{"@type":"Organization","@id":"https:\/\/ineditfitness.com\/site\/#organization","name":"INEDIT FITNESS","url":"https:\/\/ineditfitness.com\/site\/","logo":{"@type":"ImageObject","inLanguage":"fr-FR","@id":"https:\/\/ineditfitness.com\/site\/#\/schema\/logo\/image\/","url":"https:\/\/ineditfitness.com\/site\/wp-content\/uploads\/2014\/12\/studio_inedit_fitness_logo_site.png","contentUrl":"https:\/\/ineditfitness.com\/site\/wp-content\/uploads\/2014\/12\/studio_inedit_fitness_logo_site.png","width":600,"height":210,"caption":"INEDIT FITNESS"},"image":{"@id":"https:\/\/ineditfitness.com\/site\/#\/schema\/logo\/image\/"}},{"@type":"Person","@id":"https:\/\/ineditfitness.com\/site\/#\/schema\/person\/9d9ee2eec28d681796264261a10ef007","name":"PISK","image":{"@type":"ImageObject","inLanguage":"fr-FR","@id":"https:\/\/secure.gravatar.com\/avatar\/10fd830c47f359563c208ec7a2832c91c1957fe839b190df787fbcaf5e7f9bd2?s=96&d=mm&r=g","url":"https:\/\/secure.gravatar.com\/avatar\/10fd830c47f359563c208ec7a2832c91c1957fe839b190df787fbcaf5e7f9bd2?s=96&d=mm&r=g","contentUrl":"https:\/\/secure.gravatar.com\/avatar\/10fd830c47f359563c208ec7a2832c91c1957fe839b190df787fbcaf5e7f9bd2?s=96&d=mm&r=g","caption":"PISK"},"sameAs":["http:\/\/www.ineditfitness.com"]}]}},"_links":{"self":[{"href":"https:\/\/ineditfitness.com\/site\/wp-json\/wp\/v2\/posts\/5279","targetHints":{"allow":["GET"]}}],"collection":[{"href":"https:\/\/ineditfitness.com\/site\/wp-json\/wp\/v2\/posts"}],"about":[{"href":"https:\/\/ineditfitness.com\/site\/wp-json\/wp\/v2\/types\/post"}],"author":[{"embeddable":true,"href":"https:\/\/ineditfitness.com\/site\/wp-json\/wp\/v2\/users\/3"}],"replies":[{"embeddable":true,"href":"https:\/\/ineditfitness.com\/site\/wp-json\/wp\/v2\/comments?post=5279"}],"version-history":[{"count":0,"href":"https:\/\/ineditfitness.com\/site\/wp-json\/wp\/v2\/posts\/5279\/revisions"}],"wp:featuredmedia":[{"embeddable":true,"href":"https:\/\/ineditfitness.com\/site\/wp-json\/wp\/v2\/media\/5289"}],"wp:attachment":[{"href":"https:\/\/ineditfitness.com\/site\/wp-json\/wp\/v2\/media?parent=5279"}],"wp:term":[{"taxonomy":"category","embeddable":true,"href":"https:\/\/ineditfitness.com\/site\/wp-json\/wp\/v2\/categories?post=5279"},{"taxonomy":"post_tag","embeddable":true,"href":"https:\/\/ineditfitness.com\/site\/wp-json\/wp\/v2\/tags?post=5279"}],"curies":[{"name":"wp","href":"https:\/\/api.w.org\/{rel}","templated":true}]}}