{"id":5116,"date":"2015-02-17T17:38:24","date_gmt":"2015-02-17T16:38:24","guid":{"rendered":"http:\/\/ineditfitness.com\/site\/?p=5116"},"modified":"2015-02-17T17:38:24","modified_gmt":"2015-02-17T16:38:24","slug":"article-dans-le-journal-cest-en-ville-le-progres","status":"publish","type":"post","link":"https:\/\/ineditfitness.com\/site\/article-dans-le-journal-cest-en-ville-le-progres\/","title":{"rendered":"Article dans le journal \u00ab\u00a0C&rsquo;est en Ville\u00a0\u00bb &#8211; LE PROGR\u00c8S"},"content":{"rendered":"<div class=\"wpb-content-wrapper\"><p>[vc_row][vc_column width=\u00a0\u00bb1\/1&Prime;][vc_column_text]<a href=\"http:\/\/ineditfitness.com\/site\/wp-content\/uploads\/2015\/02\/STUDIO-INEDIT-FITNESS-Article-INEDIT-FITNESS-cest-en-ville.jpg\"><img loading=\"lazy\" decoding=\"async\" class=\"alignleft  wp-image-5126\" src=\"http:\/\/ineditfitness.com\/site\/wp-content\/uploads\/2015\/02\/STUDIO-INEDIT-FITNESS-Article-INEDIT-FITNESS-cest-en-ville-1024x822.jpg\" alt=\"STUDIO INEDIT FITNESS - Article-INEDIT-FITNESS-c'est en ville\" width=\"404\" height=\"324\" srcset=\"https:\/\/ineditfitness.com\/site\/wp-content\/uploads\/2015\/02\/STUDIO-INEDIT-FITNESS-Article-INEDIT-FITNESS-cest-en-ville-1024x822.jpg 1024w, https:\/\/ineditfitness.com\/site\/wp-content\/uploads\/2015\/02\/STUDIO-INEDIT-FITNESS-Article-INEDIT-FITNESS-cest-en-ville-300x241.jpg 300w, https:\/\/ineditfitness.com\/site\/wp-content\/uploads\/2015\/02\/STUDIO-INEDIT-FITNESS-Article-INEDIT-FITNESS-cest-en-ville-250x200.jpg 250w, https:\/\/ineditfitness.com\/site\/wp-content\/uploads\/2015\/02\/STUDIO-INEDIT-FITNESS-Article-INEDIT-FITNESS-cest-en-ville-624x501.jpg 624w, https:\/\/ineditfitness.com\/site\/wp-content\/uploads\/2015\/02\/STUDIO-INEDIT-FITNESS-Article-INEDIT-FITNESS-cest-en-ville.jpg 2000w\" sizes=\"auto, (max-width: 404px) 100vw, 404px\" \/><\/a>D\u00e9couvrez l&rsquo;article \u00e9crit par la journaliste Caroline Roger, sur le Studio INEDIT FITNESS<\/p>\n<p>Il a \u00e9t\u00e9 publi\u00e9 dans le magazine \u00a0\u00bb c&rsquo;est en ville \u00a0\u00bb LE PROGRES, le dimanche 15 f\u00e9vrier 2015.<\/p>\n<p>Caroline Polsinelli a cr\u00e9\u00e9 un studio de fitness \u00e0 son image.Elle a imagin\u00e9 un espace rassemblant diverses activit\u00e9s dans un lieu agr\u00e9able \u00e0 taille humaine. Le pari semble r\u00e9ussi.<\/p>\n<h2><strong>Comment est n\u00e9 ce projet ?<\/strong><\/h2>\n<p>Je voulais un concept diff\u00e9rent de ce qui se propose.<br \/>\navec un encadrement et du coaching individuel dans un lieu \u00e0 part. C\u2019est un endroit convivial et c&rsquo;est cette \ufb01nalit\u00e9 que je recherchais : garder le<br \/>\nc\u00f4t\u00e9 humain tout en cr\u00e9ant des espaces sportifs performants. L&rsquo;amour du sport m&rsquo;a \u00e9t\u00e9 transmis par mon p\u00e8re Lucien. Mon fr\u00e8re Olivier est, quant \u00e0 lui, devenir animateur sportif.<\/p>\n<h2><strong>C&rsquo;est un nouveau d\u00e9fi pour vous ?<\/strong><\/h2>\n<p>Je fais du sport depuis l&rsquo;\u00e2ge de 5 ans et j&rsquo;ai fait de lu comp\u00e9tition en gymnastique artistique jusqu&rsquo;\u00e0 l8 ans; c&rsquo;est de l\u00e0 qu&rsquo;est venue ma volont\u00e9 de toujours arriver \u00e0 un bon niveau et c&rsquo;est ainsi que j&rsquo;ai<br \/>\nacquis le go\u00fbt de la comp\u00e9tition. J&rsquo;ai toujours \u00e9t\u00e9 proche des autres et apr\u00e8s plusieurs ann\u00e9es pass\u00e9es dans des clubs de remise en forme, et aujourd&rsquo;hui l2 ans de fitness derri\u00e8re moi. j&rsquo;avais h\u00e2te de me tester et de finaliser mon projet.<\/p>\n<h2><strong>Avez-vous d&rsquo;autres projets pour l&rsquo;avenir?<\/strong><\/h2>\n<p>On me dit \u00abbattante\u00bb. Ce projet a pris deux ans pour se r\u00e9aliser. mais oui. si tout marche bien. j&rsquo;esp\u00e8re bien ouvrir d&rsquo;autres studios dans un futur proche.<\/p>\n<h2><strong>Quels sont vos loisirs, sportifs ou non ?<\/strong><\/h2>\n<p>J&rsquo;aime le ski alpin, la gymnastique. le trail, le ski de fond, la randonn\u00e9e et faire du VTT. Autrement, j&rsquo;adore voyager.[\/vc_column_text][\/vc_column][\/vc_row]<\/p>\n<\/div>","protected":false},"excerpt":{"rendered":"<p>D\u00e9couvrez l&rsquo;article \u00e9crit par la journaliste Caroline Roger, sur le Studio INEDIT FITNESS<br \/>\nIl a \u00e9t\u00e9 publi\u00e9 dans le magazine \u00a0\u00bb C&rsquo;est en Ville \u00a0\u00bb LE PROGR\u00c8S, le dimanche 15 f\u00e9vrier 2015.<\/p>\n","protected":false},"author":3,"featured_media":5122,"comment_status":"open","ping_status":"open","sticky":false,"template":"","format":"standard","meta":{"footnotes":""},"categories":[178],"tags":[],"class_list":["post-5116","post","type-post","status-publish","format-standard","has-post-thumbnail","hentry","category-evenements"],"yoast_head":"<!-- This site is optimized with the Yoast SEO plugin v27.4 - https:\/\/yoast.com\/product\/yoast-seo-wordpress\/ -->\n<title>Article dans le journal &quot;C&#039;est en Ville&quot; - LE PROGR\u00c8S - INEDIT FITNESS | Chassieu<\/title>\n<meta name=\"robots\" content=\"index, follow, max-snippet:-1, max-image-preview:large, max-video-preview:-1\" \/>\n<link rel=\"canonical\" href=\"https:\/\/ineditfitness.com\/site\/article-dans-le-journal-cest-en-ville-le-progres\/\" \/>\n<meta property=\"og:locale\" content=\"fr_FR\" \/>\n<meta property=\"og:type\" content=\"article\" \/>\n<meta property=\"og:title\" content=\"Article dans le journal &quot;C&#039;est en Ville&quot; - LE PROGR\u00c8S - INEDIT FITNESS | Chassieu\" \/>\n<meta property=\"og:description\" content=\"D\u00e9couvrez l&#039;article \u00e9crit par la journaliste Caroline Roger, sur le Studio INEDIT FITNESS Il a \u00e9t\u00e9 publi\u00e9 dans le magazine &quot; C&#039;est en Ville &quot; LE PROGR\u00c8S, le dimanche 15 f\u00e9vrier 2015.\" \/>\n<meta property=\"og:url\" content=\"https:\/\/ineditfitness.com\/site\/article-dans-le-journal-cest-en-ville-le-progres\/\" \/>\n<meta property=\"og:site_name\" content=\"INEDIT FITNESS | Chassieu\" \/>\n<meta property=\"article:published_time\" content=\"2015-02-17T16:38:24+00:00\" \/>\n<meta property=\"og:image\" content=\"https:\/\/ineditfitness.com\/site\/wp-content\/uploads\/2015\/02\/Article-INEDIT-FITNESS-Copie1.jpg\" \/>\n\t<meta property=\"og:image:width\" content=\"1000\" \/>\n\t<meta property=\"og:image:height\" content=\"1000\" \/>\n\t<meta property=\"og:image:type\" content=\"image\/jpeg\" \/>\n<meta name=\"author\" content=\"PISK\" \/>\n<meta name=\"twitter:label1\" content=\"\u00c9crit par\" \/>\n\t<meta name=\"twitter:data1\" content=\"PISK\" \/>\n\t<meta name=\"twitter:label2\" content=\"Dur\u00e9e de lecture estim\u00e9e\" \/>\n\t<meta name=\"twitter:data2\" content=\"2 minutes\" \/>\n<script type=\"application\/ld+json\" class=\"yoast-schema-graph\">{\"@context\":\"https:\\\/\\\/schema.org\",\"@graph\":[{\"@type\":\"Article\",\"@id\":\"https:\\\/\\\/ineditfitness.com\\\/site\\\/article-dans-le-journal-cest-en-ville-le-progres\\\/#article\",\"isPartOf\":{\"@id\":\"https:\\\/\\\/ineditfitness.com\\\/site\\\/article-dans-le-journal-cest-en-ville-le-progres\\\/\"},\"author\":{\"name\":\"PISK\",\"@id\":\"https:\\\/\\\/ineditfitness.com\\\/site\\\/#\\\/schema\\\/person\\\/9d9ee2eec28d681796264261a10ef007\"},\"headline\":\"Article dans le journal \u00ab\u00a0C&rsquo;est en Ville\u00a0\u00bb &#8211; LE PROGR\u00c8S\",\"datePublished\":\"2015-02-17T16:38:24+00:00\",\"mainEntityOfPage\":{\"@id\":\"https:\\\/\\\/ineditfitness.com\\\/site\\\/article-dans-le-journal-cest-en-ville-le-progres\\\/\"},\"wordCount\":341,\"commentCount\":1,\"publisher\":{\"@id\":\"https:\\\/\\\/ineditfitness.com\\\/site\\\/#organization\"},\"image\":{\"@id\":\"https:\\\/\\\/ineditfitness.com\\\/site\\\/article-dans-le-journal-cest-en-ville-le-progres\\\/#primaryimage\"},\"thumbnailUrl\":\"https:\\\/\\\/ineditfitness.com\\\/site\\\/wp-content\\\/uploads\\\/2015\\\/02\\\/Article-INEDIT-FITNESS-Copie1.jpg\",\"articleSection\":[\"Evenements\"],\"inLanguage\":\"fr-FR\",\"potentialAction\":[{\"@type\":\"CommentAction\",\"name\":\"Comment\",\"target\":[\"https:\\\/\\\/ineditfitness.com\\\/site\\\/article-dans-le-journal-cest-en-ville-le-progres\\\/#respond\"]}]},{\"@type\":\"WebPage\",\"@id\":\"https:\\\/\\\/ineditfitness.com\\\/site\\\/article-dans-le-journal-cest-en-ville-le-progres\\\/\",\"url\":\"https:\\\/\\\/ineditfitness.com\\\/site\\\/article-dans-le-journal-cest-en-ville-le-progres\\\/\",\"name\":\"Article dans le journal \\\"C'est en Ville\\\" - LE PROGR\u00c8S - INEDIT FITNESS | Chassieu\",\"isPartOf\":{\"@id\":\"https:\\\/\\\/ineditfitness.com\\\/site\\\/#website\"},\"primaryImageOfPage\":{\"@id\":\"https:\\\/\\\/ineditfitness.com\\\/site\\\/article-dans-le-journal-cest-en-ville-le-progres\\\/#primaryimage\"},\"image\":{\"@id\":\"https:\\\/\\\/ineditfitness.com\\\/site\\\/article-dans-le-journal-cest-en-ville-le-progres\\\/#primaryimage\"},\"thumbnailUrl\":\"https:\\\/\\\/ineditfitness.com\\\/site\\\/wp-content\\\/uploads\\\/2015\\\/02\\\/Article-INEDIT-FITNESS-Copie1.jpg\",\"datePublished\":\"2015-02-17T16:38:24+00:00\",\"breadcrumb\":{\"@id\":\"https:\\\/\\\/ineditfitness.com\\\/site\\\/article-dans-le-journal-cest-en-ville-le-progres\\\/#breadcrumb\"},\"inLanguage\":\"fr-FR\",\"potentialAction\":[{\"@type\":\"ReadAction\",\"target\":[\"https:\\\/\\\/ineditfitness.com\\\/site\\\/article-dans-le-journal-cest-en-ville-le-progres\\\/\"]}]},{\"@type\":\"ImageObject\",\"inLanguage\":\"fr-FR\",\"@id\":\"https:\\\/\\\/ineditfitness.com\\\/site\\\/article-dans-le-journal-cest-en-ville-le-progres\\\/#primaryimage\",\"url\":\"https:\\\/\\\/ineditfitness.com\\\/site\\\/wp-content\\\/uploads\\\/2015\\\/02\\\/Article-INEDIT-FITNESS-Copie1.jpg\",\"contentUrl\":\"https:\\\/\\\/ineditfitness.com\\\/site\\\/wp-content\\\/uploads\\\/2015\\\/02\\\/Article-INEDIT-FITNESS-Copie1.jpg\",\"width\":1000,\"height\":1000},{\"@type\":\"BreadcrumbList\",\"@id\":\"https:\\\/\\\/ineditfitness.com\\\/site\\\/article-dans-le-journal-cest-en-ville-le-progres\\\/#breadcrumb\",\"itemListElement\":[{\"@type\":\"ListItem\",\"position\":1,\"name\":\"Accueil\",\"item\":\"https:\\\/\\\/ineditfitness.com\\\/site\\\/\"},{\"@type\":\"ListItem\",\"position\":2,\"name\":\"Article dans le journal \u00ab\u00a0C&rsquo;est en Ville\u00a0\u00bb &#8211; LE PROGR\u00c8S\"}]},{\"@type\":\"WebSite\",\"@id\":\"https:\\\/\\\/ineditfitness.com\\\/site\\\/#website\",\"url\":\"https:\\\/\\\/ineditfitness.com\\\/site\\\/\",\"name\":\"INEDIT FITNESS | Chassieu\",\"description\":\"Vous \u00eates unique, notre coaching aussi - Salle de Sport - Fitness - Stretching - Pilates - Training - Cardio - Marche Nordique - Coaching Individuel - Small groupe\",\"publisher\":{\"@id\":\"https:\\\/\\\/ineditfitness.com\\\/site\\\/#organization\"},\"potentialAction\":[{\"@type\":\"SearchAction\",\"target\":{\"@type\":\"EntryPoint\",\"urlTemplate\":\"https:\\\/\\\/ineditfitness.com\\\/site\\\/?s={search_term_string}\"},\"query-input\":{\"@type\":\"PropertyValueSpecification\",\"valueRequired\":true,\"valueName\":\"search_term_string\"}}],\"inLanguage\":\"fr-FR\"},{\"@type\":\"Organization\",\"@id\":\"https:\\\/\\\/ineditfitness.com\\\/site\\\/#organization\",\"name\":\"INEDIT FITNESS\",\"url\":\"https:\\\/\\\/ineditfitness.com\\\/site\\\/\",\"logo\":{\"@type\":\"ImageObject\",\"inLanguage\":\"fr-FR\",\"@id\":\"https:\\\/\\\/ineditfitness.com\\\/site\\\/#\\\/schema\\\/logo\\\/image\\\/\",\"url\":\"https:\\\/\\\/ineditfitness.com\\\/site\\\/wp-content\\\/uploads\\\/2014\\\/12\\\/studio_inedit_fitness_logo_site.png\",\"contentUrl\":\"https:\\\/\\\/ineditfitness.com\\\/site\\\/wp-content\\\/uploads\\\/2014\\\/12\\\/studio_inedit_fitness_logo_site.png\",\"width\":600,\"height\":210,\"caption\":\"INEDIT FITNESS\"},\"image\":{\"@id\":\"https:\\\/\\\/ineditfitness.com\\\/site\\\/#\\\/schema\\\/logo\\\/image\\\/\"}},{\"@type\":\"Person\",\"@id\":\"https:\\\/\\\/ineditfitness.com\\\/site\\\/#\\\/schema\\\/person\\\/9d9ee2eec28d681796264261a10ef007\",\"name\":\"PISK\",\"image\":{\"@type\":\"ImageObject\",\"inLanguage\":\"fr-FR\",\"@id\":\"https:\\\/\\\/secure.gravatar.com\\\/avatar\\\/10fd830c47f359563c208ec7a2832c91c1957fe839b190df787fbcaf5e7f9bd2?s=96&d=mm&r=g\",\"url\":\"https:\\\/\\\/secure.gravatar.com\\\/avatar\\\/10fd830c47f359563c208ec7a2832c91c1957fe839b190df787fbcaf5e7f9bd2?s=96&d=mm&r=g\",\"contentUrl\":\"https:\\\/\\\/secure.gravatar.com\\\/avatar\\\/10fd830c47f359563c208ec7a2832c91c1957fe839b190df787fbcaf5e7f9bd2?s=96&d=mm&r=g\",\"caption\":\"PISK\"},\"sameAs\":[\"http:\\\/\\\/www.ineditfitness.com\"]}]}<\/script>\n<!-- \/ Yoast SEO plugin. -->","yoast_head_json":{"title":"Article dans le journal \"C'est en Ville\" - LE PROGR\u00c8S - INEDIT FITNESS | Chassieu","robots":{"index":"index","follow":"follow","max-snippet":"max-snippet:-1","max-image-preview":"max-image-preview:large","max-video-preview":"max-video-preview:-1"},"canonical":"https:\/\/ineditfitness.com\/site\/article-dans-le-journal-cest-en-ville-le-progres\/","og_locale":"fr_FR","og_type":"article","og_title":"Article dans le journal \"C'est en Ville\" - LE PROGR\u00c8S - INEDIT FITNESS | Chassieu","og_description":"D\u00e9couvrez l'article \u00e9crit par la journaliste Caroline Roger, sur le Studio INEDIT FITNESS Il a \u00e9t\u00e9 publi\u00e9 dans le magazine \" C'est en Ville \" LE PROGR\u00c8S, le dimanche 15 f\u00e9vrier 2015.","og_url":"https:\/\/ineditfitness.com\/site\/article-dans-le-journal-cest-en-ville-le-progres\/","og_site_name":"INEDIT FITNESS | Chassieu","article_published_time":"2015-02-17T16:38:24+00:00","og_image":[{"width":1000,"height":1000,"url":"https:\/\/ineditfitness.com\/site\/wp-content\/uploads\/2015\/02\/Article-INEDIT-FITNESS-Copie1.jpg","type":"image\/jpeg"}],"author":"PISK","twitter_misc":{"\u00c9crit par":"PISK","Dur\u00e9e de lecture estim\u00e9e":"2 minutes"},"schema":{"@context":"https:\/\/schema.org","@graph":[{"@type":"Article","@id":"https:\/\/ineditfitness.com\/site\/article-dans-le-journal-cest-en-ville-le-progres\/#article","isPartOf":{"@id":"https:\/\/ineditfitness.com\/site\/article-dans-le-journal-cest-en-ville-le-progres\/"},"author":{"name":"PISK","@id":"https:\/\/ineditfitness.com\/site\/#\/schema\/person\/9d9ee2eec28d681796264261a10ef007"},"headline":"Article dans le journal \u00ab\u00a0C&rsquo;est en Ville\u00a0\u00bb &#8211; LE PROGR\u00c8S","datePublished":"2015-02-17T16:38:24+00:00","mainEntityOfPage":{"@id":"https:\/\/ineditfitness.com\/site\/article-dans-le-journal-cest-en-ville-le-progres\/"},"wordCount":341,"commentCount":1,"publisher":{"@id":"https:\/\/ineditfitness.com\/site\/#organization"},"image":{"@id":"https:\/\/ineditfitness.com\/site\/article-dans-le-journal-cest-en-ville-le-progres\/#primaryimage"},"thumbnailUrl":"https:\/\/ineditfitness.com\/site\/wp-content\/uploads\/2015\/02\/Article-INEDIT-FITNESS-Copie1.jpg","articleSection":["Evenements"],"inLanguage":"fr-FR","potentialAction":[{"@type":"CommentAction","name":"Comment","target":["https:\/\/ineditfitness.com\/site\/article-dans-le-journal-cest-en-ville-le-progres\/#respond"]}]},{"@type":"WebPage","@id":"https:\/\/ineditfitness.com\/site\/article-dans-le-journal-cest-en-ville-le-progres\/","url":"https:\/\/ineditfitness.com\/site\/article-dans-le-journal-cest-en-ville-le-progres\/","name":"Article dans le journal \"C'est en Ville\" - LE PROGR\u00c8S - INEDIT FITNESS | Chassieu","isPartOf":{"@id":"https:\/\/ineditfitness.com\/site\/#website"},"primaryImageOfPage":{"@id":"https:\/\/ineditfitness.com\/site\/article-dans-le-journal-cest-en-ville-le-progres\/#primaryimage"},"image":{"@id":"https:\/\/ineditfitness.com\/site\/article-dans-le-journal-cest-en-ville-le-progres\/#primaryimage"},"thumbnailUrl":"https:\/\/ineditfitness.com\/site\/wp-content\/uploads\/2015\/02\/Article-INEDIT-FITNESS-Copie1.jpg","datePublished":"2015-02-17T16:38:24+00:00","breadcrumb":{"@id":"https:\/\/ineditfitness.com\/site\/article-dans-le-journal-cest-en-ville-le-progres\/#breadcrumb"},"inLanguage":"fr-FR","potentialAction":[{"@type":"ReadAction","target":["https:\/\/ineditfitness.com\/site\/article-dans-le-journal-cest-en-ville-le-progres\/"]}]},{"@type":"ImageObject","inLanguage":"fr-FR","@id":"https:\/\/ineditfitness.com\/site\/article-dans-le-journal-cest-en-ville-le-progres\/#primaryimage","url":"https:\/\/ineditfitness.com\/site\/wp-content\/uploads\/2015\/02\/Article-INEDIT-FITNESS-Copie1.jpg","contentUrl":"https:\/\/ineditfitness.com\/site\/wp-content\/uploads\/2015\/02\/Article-INEDIT-FITNESS-Copie1.jpg","width":1000,"height":1000},{"@type":"BreadcrumbList","@id":"https:\/\/ineditfitness.com\/site\/article-dans-le-journal-cest-en-ville-le-progres\/#breadcrumb","itemListElement":[{"@type":"ListItem","position":1,"name":"Accueil","item":"https:\/\/ineditfitness.com\/site\/"},{"@type":"ListItem","position":2,"name":"Article dans le journal \u00ab\u00a0C&rsquo;est en Ville\u00a0\u00bb &#8211; LE PROGR\u00c8S"}]},{"@type":"WebSite","@id":"https:\/\/ineditfitness.com\/site\/#website","url":"https:\/\/ineditfitness.com\/site\/","name":"INEDIT FITNESS | Chassieu","description":"Vous \u00eates unique, notre coaching aussi - Salle de Sport - Fitness - Stretching - Pilates - Training - Cardio - Marche Nordique - Coaching Individuel - Small groupe","publisher":{"@id":"https:\/\/ineditfitness.com\/site\/#organization"},"potentialAction":[{"@type":"SearchAction","target":{"@type":"EntryPoint","urlTemplate":"https:\/\/ineditfitness.com\/site\/?s={search_term_string}"},"query-input":{"@type":"PropertyValueSpecification","valueRequired":true,"valueName":"search_term_string"}}],"inLanguage":"fr-FR"},{"@type":"Organization","@id":"https:\/\/ineditfitness.com\/site\/#organization","name":"INEDIT FITNESS","url":"https:\/\/ineditfitness.com\/site\/","logo":{"@type":"ImageObject","inLanguage":"fr-FR","@id":"https:\/\/ineditfitness.com\/site\/#\/schema\/logo\/image\/","url":"https:\/\/ineditfitness.com\/site\/wp-content\/uploads\/2014\/12\/studio_inedit_fitness_logo_site.png","contentUrl":"https:\/\/ineditfitness.com\/site\/wp-content\/uploads\/2014\/12\/studio_inedit_fitness_logo_site.png","width":600,"height":210,"caption":"INEDIT FITNESS"},"image":{"@id":"https:\/\/ineditfitness.com\/site\/#\/schema\/logo\/image\/"}},{"@type":"Person","@id":"https:\/\/ineditfitness.com\/site\/#\/schema\/person\/9d9ee2eec28d681796264261a10ef007","name":"PISK","image":{"@type":"ImageObject","inLanguage":"fr-FR","@id":"https:\/\/secure.gravatar.com\/avatar\/10fd830c47f359563c208ec7a2832c91c1957fe839b190df787fbcaf5e7f9bd2?s=96&d=mm&r=g","url":"https:\/\/secure.gravatar.com\/avatar\/10fd830c47f359563c208ec7a2832c91c1957fe839b190df787fbcaf5e7f9bd2?s=96&d=mm&r=g","contentUrl":"https:\/\/secure.gravatar.com\/avatar\/10fd830c47f359563c208ec7a2832c91c1957fe839b190df787fbcaf5e7f9bd2?s=96&d=mm&r=g","caption":"PISK"},"sameAs":["http:\/\/www.ineditfitness.com"]}]}},"_links":{"self":[{"href":"https:\/\/ineditfitness.com\/site\/wp-json\/wp\/v2\/posts\/5116","targetHints":{"allow":["GET"]}}],"collection":[{"href":"https:\/\/ineditfitness.com\/site\/wp-json\/wp\/v2\/posts"}],"about":[{"href":"https:\/\/ineditfitness.com\/site\/wp-json\/wp\/v2\/types\/post"}],"author":[{"embeddable":true,"href":"https:\/\/ineditfitness.com\/site\/wp-json\/wp\/v2\/users\/3"}],"replies":[{"embeddable":true,"href":"https:\/\/ineditfitness.com\/site\/wp-json\/wp\/v2\/comments?post=5116"}],"version-history":[{"count":0,"href":"https:\/\/ineditfitness.com\/site\/wp-json\/wp\/v2\/posts\/5116\/revisions"}],"wp:featuredmedia":[{"embeddable":true,"href":"https:\/\/ineditfitness.com\/site\/wp-json\/wp\/v2\/media\/5122"}],"wp:attachment":[{"href":"https:\/\/ineditfitness.com\/site\/wp-json\/wp\/v2\/media?parent=5116"}],"wp:term":[{"taxonomy":"category","embeddable":true,"href":"https:\/\/ineditfitness.com\/site\/wp-json\/wp\/v2\/categories?post=5116"},{"taxonomy":"post_tag","embeddable":true,"href":"https:\/\/ineditfitness.com\/site\/wp-json\/wp\/v2\/tags?post=5116"}],"curies":[{"name":"wp","href":"https:\/\/api.w.org\/{rel}","templated":true}]}}