{"id":13876,"date":"2025-04-07T15:58:32","date_gmt":"2025-04-07T13:58:32","guid":{"rendered":"https:\/\/ineditfitness.com\/site\/?p=13876"},"modified":"2025-04-07T16:08:54","modified_gmt":"2025-04-07T14:08:54","slug":"celebration-des-10-ans-dinedit-fitness-une-soiree-memorable","status":"publish","type":"post","link":"https:\/\/ineditfitness.com\/site\/celebration-des-10-ans-dinedit-fitness-une-soiree-memorable\/","title":{"rendered":"C\u00e9l\u00e9bration des 10 ans d&rsquo;Inedit Fitness &#8211; Une soir\u00e9e m\u00e9morable"},"content":{"rendered":"<div class=\"wpb-content-wrapper\"><p>[vc_row][vc_column][vc_empty_space][vc_column_text css=\u00a0\u00bb\u00a0\u00bb]<\/p>\n<p style=\"text-align: center;\"><span style=\"font-size: 18pt;\">Dix ans apr\u00e8s la cr\u00e9ation d&rsquo;In\u00e9dit Fitness, il \u00e9tait essentiel pour sa fondatrice, Caroline POLSINELLI, de c\u00e9l\u00e9brer le parcours accompli&#8230;<\/span><\/p>\n<p>[\/vc_column_text][vc_empty_space][vc_empty_space][\/vc_column][\/vc_row][vc_row][vc_column][vc_video link=\u00a0\u00bbhttps:\/\/youtu.be\/1qxNU2VZd9k\u00a0\u00bb css=\u00a0\u00bb\u00a0\u00bb title=\u00a0\u00bbC\u00e9l\u00e9bration des 10 ans d&rsquo;Inedit Fitness\u00a0\u00bb][vc_empty_space][vc_empty_space][\/vc_column][\/vc_row][vc_row][vc_column][vc_column_text css=\u00a0\u00bb\u00a0\u00bb]<\/p>\n<p style=\"text-align: center;\"><span style=\"font-size: 14pt;\">Le samedi 22 mars, INEDIT FITNESS a c\u00e9l\u00e9br\u00e9 avec enthousiasme ses 10 ans d\u2019existence au Best Western de Chassieu, dans une magnifique salle de 210 m\u00b2. Cet \u00e9v\u00e9nement marquant a rassembl\u00e9 plus de 100 personnes, incluant clientes, clients, partenaires d\u2019hier et d\u2019aujourd\u2019hui, ainsi que Monsieur le maire de Chassieu, Messieurs les adjoints et les \u00e9lus.<\/span><\/p>\n<p style=\"text-align: center;\"><span style=\"font-size: 14pt;\">La soir\u00e9e a \u00e9t\u00e9 divis\u00e9e en deux parties. Lors de la premi\u00e8re partie, Caroline, la fondatrice de la soci\u00e9t\u00e9, a pris la parole pour partager quelques mots sur le parcours de l\u2019entreprise et les projets futurs. Elle a \u00e9galement profit\u00e9 de l\u2019occasion pour pr\u00e9senter et remercier son \u00e9quipe de coachs, Aur\u00e9lie et Florence, pour leur collaboration pr\u00e9cieuse au fil des ann\u00e9es.<\/span><\/p>\n<p style=\"text-align: center;\"><span style=\"font-size: 14pt;\">Un moment fort de cette premi\u00e8re partie a \u00e9t\u00e9 l\u2019intervention de Jean-Pierre, ancien chef d\u2019entreprise, qui a t\u00e9moign\u00e9 des bienfaits d\u2019\u00eatre coach\u00e9 par Caroline depuis plus de 15 ans. Ce t\u00e9moignage a r\u00e9sonn\u00e9 avec de nombreux invit\u00e9s, soulignant l\u2019impact positif du coaching sur le d\u00e9veloppement personnel et professionnel.<\/span><\/p>\n<p style=\"text-align: center;\"><span style=\"font-size: 14pt;\">Apr\u00e8s cet instant enrichissant, il \u00e9tait temps de trinquer et de profiter de la musique de Lova, un talentueux musicien et chanteur.<\/span><\/p>\n<p>&nbsp;<\/p>\n<p style=\"text-align: center;\"><span style=\"font-size: 14pt;\">La seconde partie de la soir\u00e9e a \u00e9t\u00e9 consacr\u00e9e \u00e0 un d\u00eener spectacle, r\u00e9unissant 40 participants. Le repas, savamment concoct\u00e9 par la brasserie le Flow de l\u2019H\u00f4tel Best Western, a ravi les papilles des convives. Le spectacle, pr\u00e9sent\u00e9 par la compagnie La L\u00e9gerie et Lova, a ajout\u00e9 une touche festive \u00e0 cette soir\u00e9e m\u00e9morable.<\/span><\/p>\n<p>&nbsp;<\/p>\n<p style=\"text-align: center;\"><span style=\"font-size: 14pt;\">Pour r\u00e9aliser cet \u00e9v\u00e9nement, plusieurs personnes ont jou\u00e9 un r\u00f4le essentiel. <\/span><\/p>\n<p style=\"text-align: center;\"><span style=\"font-size: 14pt;\">Alexia, responsable des s\u00e9minaires au Best Western, et Aur\u00e9lie, directrice du groupe Mona Collection, ont apport\u00e9 un soutien pr\u00e9cieux tout au long de l&rsquo;organisation.<\/span><\/p>\n<p style=\"text-align: center;\"><span style=\"font-size: 14pt;\">La d\u00e9coration a \u00e9t\u00e9 soigneusement \u00e9labor\u00e9e par Laura et Elyna de la soci\u00e9t\u00e9 Hello Studio, cr\u00e9ant une ambiance chaleureuse et accueillante.<\/span><\/p>\n<p style=\"text-align: center;\"><span style=\"font-size: 14pt;\">La mise en place de la salle, des buffets, des tables et le service ont \u00e9t\u00e9 g\u00e9r\u00e9s avec professionnalisme par Didier, ma\u00eetre d\u2019H\u00f4tel, et son \u00e9quipe. <\/span><\/p>\n<p style=\"text-align: center;\"><span style=\"font-size: 14pt;\">Un espace d\u00e9di\u00e9 aux enfants a \u00e9galement \u00e9t\u00e9 am\u00e9nag\u00e9, encadr\u00e9 par des animateurs de la soci\u00e9t\u00e9 Happy Sport, permettant ainsi aux parents de profiter pleinement de la soir\u00e9e.<\/span><\/p>\n<p style=\"text-align: center;\"><span style=\"font-size: 14pt;\">Nous tenons \u00e9galement \u00e0 remercier Nicolas, g\u00e9rant de la soci\u00e9t\u00e9 La Fabrique du Film, pour la r\u00e9alisation du film c\u00e9l\u00e9brant les 10 ans de notre soci\u00e9t\u00e9, ainsi qu&rsquo;Olivia, notre talentueuse photographe, pour ses magnifiques clich\u00e9s.<\/span><\/p>\n<p>&nbsp;<\/p>\n<p style=\"text-align: center;\"><span style=\"font-size: 14pt;\">Cette c\u00e9l\u00e9bration des 10 ans d&rsquo;INEDIT FITNESS a \u00e9t\u00e9 un v\u00e9ritable succ\u00e8s, marqu\u00e9e par des \u00e9changes enrichissants, des moments de convivialit\u00e9 et une ambiance festive. Un grand merci \u00e0 tous ceux qui ont contribu\u00e9 \u00e0 faire de cet \u00e9v\u00e9nement un moment inoubliable !\u00a0<\/span><\/p>\n<p>[\/vc_column_text][vc_empty_space][vc_gallery interval=\u00a0\u00bb3&Prime; images=\u00a0\u00bb13881,13882,13890,13894,13892,13893,13891,13889,13887,13896,13888,13905,13906,13907,13908,13909,13910,13911,13912&Prime; img_size=\u00a0\u00bblarge\u00a0\u00bb css=\u00a0\u00bb\u00a0\u00bb][\/vc_column][\/vc_row][vc_row][vc_column][vc_empty_space][vc_empty_space][vc_column_text css=\u00a0\u00bb\u00a0\u00bb]<\/p>\n<h3 style=\"text-align: center;\"><span style=\"font-size: 18pt;\">Notre mission repose sur un message essentiel :<\/span><\/h3>\n<p style=\"text-align: center;\"><span style=\"font-size: 14pt;\"><strong>Prendre soin de soi pour profiter pleinement de la vie, c&rsquo;est \u00e0 la fois simple et b\u00e9n\u00e9fique !<\/strong><\/span><\/p>\n<p style=\"text-align: center;\"><span style=\"font-size: 14pt;\">Chez In\u00e9dit Fitness, notre passion est de vous aider \u00e0 am\u00e9liorer votre quotidien, de vous transmettre notre expertise et de vous offrir des conseils adapt\u00e9s \u00e0 vos besoins.<\/span><\/p>\n<p style=\"text-align: center;\"><span style=\"font-size: 14pt;\">En 2025, nous souhaitons aller encore plus loin en vous apportant un soutien renforc\u00e9.<\/span><\/p>\n<p style=\"text-align: center;\"><span style=\"font-size: 14pt;\">C&rsquo;est pourquoi, dans quelques jours, nous lancerons une nouvelle formule d&rsquo;accompagnement personnalis\u00e9, sp\u00e9cialement con\u00e7ue pour vous faire sentir soutenu, encourag\u00e9, motiv\u00e9 et guid\u00e9 de mani\u00e8re individuelle.<\/span><\/p>\n<p style=\"text-align: center;\"><span style=\"font-size: 14pt;\">En effet, la cl\u00e9 de la r\u00e9ussite r\u00e9side dans un accompagnement sur mesure.<\/span><\/p>\n<p style=\"text-align: center;\"><span style=\"font-size: 14pt;\">Nous avons \u00e9galement \u00e0 c\u0153ur de poursuivre nos \u00e9v\u00e9nements, tels que notre week-end \u00e0 Bormes-les-Mimosas, qui se d\u00e9roulera dans le magnifique h\u00f4tel du groupe Mona Collection, les 15 et 16 novembre 2025. Sans oublier nos activit\u00e9s en plein air, comme la marche nordique, ainsi que des ateliers th\u00e9matiques et des ap\u00e9ros conviviaux. Tous ces \u00e9v\u00e9nements sont des occasions pr\u00e9cieuses d&rsquo;\u00e9change et de partage.<\/span><\/p>\n<p style=\"text-align: center;\"><span style=\"font-size: 14pt;\">Rejoignez-nous pour vivre ces moments enrichissants ensemble !<\/span><\/p>\n<p>[\/vc_column_text][vc_empty_space][vc_empty_space][\/vc_column][\/vc_row][vc_row][vc_column][vc_empty_space][vc_single_image image=\u00a0\u00bb13895&Prime; img_size=\u00a0\u00bblarge\u00a0\u00bb alignment=\u00a0\u00bbcenter\u00a0\u00bb onclick=\u00a0\u00bbimg_link_large\u00a0\u00bb css=\u00a0\u00bb\u00a0\u00bb][vc_empty_space][vc_column_text css=\u00a0\u00bb\u00a0\u00bb]<\/p>\n<p style=\"text-align: center;\" align=\"LEFT\"><span style=\"font-family: 'Lucida Bright', serif; font-size: 18pt;\">Vous clientes, clients, MERCI de nous avoir fait confiance et de votre fid\u00e9lit\u00e9<\/span><\/p>\n<p style=\"text-align: center;\" align=\"LEFT\"><span style=\"font-size: 18pt;\"><span style=\"font-family: Lucida Bright, serif;\">Vous partenaires, MERCI pour votre aide et votre accompagnement<\/span><span style=\"font-family: Lucida Bright, serif;\">.<\/span><\/span><\/p>\n<p>[\/vc_column_text][vc_empty_space][\/vc_column][\/vc_row]<\/p>\n<\/div>","protected":false},"excerpt":{"rendered":"<p>[vc_row][vc_column][vc_empty_space][vc_column_text css=\u00a0\u00bb\u00a0\u00bb] Dix ans apr\u00e8s la cr\u00e9ation d&rsquo;In\u00e9dit Fitness, il \u00e9tait essentiel pour sa fondatrice, Caroline POLSINELLI, de c\u00e9l\u00e9brer le parcours accompli&#8230; [\/vc_column_text][vc_empty_space][vc_empty_space][\/vc_column][\/vc_row][vc_row][vc_column][vc_video link=\u00a0\u00bbhttps:\/\/youtu.be\/1qxNU2VZd9k\u00a0\u00bb css=\u00a0\u00bb\u00a0\u00bb title=\u00a0\u00bbC\u00e9l\u00e9bration des 10 ans d&rsquo;Inedit Fitness\u00a0\u00bb][vc_empty_space][vc_empty_space][\/vc_column][\/vc_row][vc_row][vc_column][vc_column_text css=\u00a0\u00bb\u00a0\u00bb] Le samedi 22 mars, INEDIT FITNESS a c\u00e9l\u00e9br\u00e9 avec enthousiasme ses 10 ans d\u2019existence au Best Western de Chassieu, dans une magnifique salle<\/p>\n","protected":false},"author":3,"featured_media":13837,"comment_status":"closed","ping_status":"open","sticky":false,"template":"","format":"standard","meta":{"footnotes":""},"categories":[1],"tags":[],"class_list":["post-13876","post","type-post","status-publish","format-standard","has-post-thumbnail","hentry","category-sans"],"yoast_head":"<!-- This site is optimized with the Yoast SEO plugin v27.4 - https:\/\/yoast.com\/product\/yoast-seo-wordpress\/ -->\n<title>C\u00e9l\u00e9bration des 10 ans d&#039;Inedit Fitness - Une soir\u00e9e m\u00e9morable - INEDIT FITNESS | Chassieu<\/title>\n<meta name=\"robots\" content=\"index, follow, max-snippet:-1, max-image-preview:large, max-video-preview:-1\" \/>\n<link rel=\"canonical\" href=\"https:\/\/ineditfitness.com\/site\/celebration-des-10-ans-dinedit-fitness-une-soiree-memorable\/\" \/>\n<meta property=\"og:locale\" content=\"fr_FR\" \/>\n<meta property=\"og:type\" content=\"article\" \/>\n<meta property=\"og:title\" content=\"C\u00e9l\u00e9bration des 10 ans d&#039;Inedit Fitness - Une soir\u00e9e m\u00e9morable - INEDIT FITNESS | Chassieu\" \/>\n<meta property=\"og:description\" content=\"[vc_row][vc_column][vc_empty_space][vc_column_text css=\u00a0\u00bb\u00a0\u00bb] Dix ans apr\u00e8s la cr\u00e9ation d&rsquo;In\u00e9dit Fitness, il \u00e9tait essentiel pour sa fondatrice, Caroline POLSINELLI, de c\u00e9l\u00e9brer le parcours accompli&#8230; [\/vc_column_text][vc_empty_space][vc_empty_space][\/vc_column][\/vc_row][vc_row][vc_column][vc_video link=\u00a0\u00bbhttps:\/\/youtu.be\/1qxNU2VZd9k\u00a0\u00bb css=\u00a0\u00bb\u00a0\u00bb title=\u00a0\u00bbC\u00e9l\u00e9bration des 10 ans d&rsquo;Inedit Fitness\u00a0\u00bb][vc_empty_space][vc_empty_space][\/vc_column][\/vc_row][vc_row][vc_column][vc_column_text css=\u00a0\u00bb\u00a0\u00bb] Le samedi 22 mars, INEDIT FITNESS a c\u00e9l\u00e9br\u00e9 avec enthousiasme ses 10 ans d\u2019existence au Best Western de Chassieu, dans une magnifique salle\" \/>\n<meta property=\"og:url\" content=\"https:\/\/ineditfitness.com\/site\/celebration-des-10-ans-dinedit-fitness-une-soiree-memorable\/\" \/>\n<meta property=\"og:site_name\" content=\"INEDIT FITNESS | Chassieu\" \/>\n<meta property=\"article:published_time\" content=\"2025-04-07T13:58:32+00:00\" \/>\n<meta property=\"article:modified_time\" content=\"2025-04-07T14:08:54+00:00\" \/>\n<meta property=\"og:image\" content=\"https:\/\/ineditfitness.com\/site\/wp-content\/uploads\/2025\/02\/seance-privee-offerte-9.png\" \/>\n\t<meta property=\"og:image:width\" content=\"940\" \/>\n\t<meta property=\"og:image:height\" content=\"788\" \/>\n\t<meta property=\"og:image:type\" content=\"image\/png\" \/>\n<meta name=\"author\" content=\"PISK\" \/>\n<meta name=\"twitter:label1\" content=\"\u00c9crit par\" \/>\n\t<meta name=\"twitter:data1\" content=\"PISK\" \/>\n\t<meta name=\"twitter:label2\" content=\"Dur\u00e9e de lecture estim\u00e9e\" \/>\n\t<meta name=\"twitter:data2\" content=\"8 minutes\" \/>\n<script type=\"application\/ld+json\" class=\"yoast-schema-graph\">{\"@context\":\"https:\\\/\\\/schema.org\",\"@graph\":[{\"@type\":\"Article\",\"@id\":\"https:\\\/\\\/ineditfitness.com\\\/site\\\/celebration-des-10-ans-dinedit-fitness-une-soiree-memorable\\\/#article\",\"isPartOf\":{\"@id\":\"https:\\\/\\\/ineditfitness.com\\\/site\\\/celebration-des-10-ans-dinedit-fitness-une-soiree-memorable\\\/\"},\"author\":{\"name\":\"PISK\",\"@id\":\"https:\\\/\\\/ineditfitness.com\\\/site\\\/#\\\/schema\\\/person\\\/9d9ee2eec28d681796264261a10ef007\"},\"headline\":\"C\u00e9l\u00e9bration des 10 ans d&rsquo;Inedit Fitness &#8211; Une soir\u00e9e m\u00e9morable\",\"datePublished\":\"2025-04-07T13:58:32+00:00\",\"dateModified\":\"2025-04-07T14:08:54+00:00\",\"mainEntityOfPage\":{\"@id\":\"https:\\\/\\\/ineditfitness.com\\\/site\\\/celebration-des-10-ans-dinedit-fitness-une-soiree-memorable\\\/\"},\"wordCount\":890,\"publisher\":{\"@id\":\"https:\\\/\\\/ineditfitness.com\\\/site\\\/#organization\"},\"image\":{\"@id\":\"https:\\\/\\\/ineditfitness.com\\\/site\\\/celebration-des-10-ans-dinedit-fitness-une-soiree-memorable\\\/#primaryimage\"},\"thumbnailUrl\":\"https:\\\/\\\/ineditfitness.com\\\/site\\\/wp-content\\\/uploads\\\/2025\\\/02\\\/seance-privee-offerte-9.png\",\"articleSection\":[\"Sans\"],\"inLanguage\":\"fr-FR\"},{\"@type\":\"WebPage\",\"@id\":\"https:\\\/\\\/ineditfitness.com\\\/site\\\/celebration-des-10-ans-dinedit-fitness-une-soiree-memorable\\\/\",\"url\":\"https:\\\/\\\/ineditfitness.com\\\/site\\\/celebration-des-10-ans-dinedit-fitness-une-soiree-memorable\\\/\",\"name\":\"C\u00e9l\u00e9bration des 10 ans d'Inedit Fitness - Une soir\u00e9e m\u00e9morable - INEDIT FITNESS | Chassieu\",\"isPartOf\":{\"@id\":\"https:\\\/\\\/ineditfitness.com\\\/site\\\/#website\"},\"primaryImageOfPage\":{\"@id\":\"https:\\\/\\\/ineditfitness.com\\\/site\\\/celebration-des-10-ans-dinedit-fitness-une-soiree-memorable\\\/#primaryimage\"},\"image\":{\"@id\":\"https:\\\/\\\/ineditfitness.com\\\/site\\\/celebration-des-10-ans-dinedit-fitness-une-soiree-memorable\\\/#primaryimage\"},\"thumbnailUrl\":\"https:\\\/\\\/ineditfitness.com\\\/site\\\/wp-content\\\/uploads\\\/2025\\\/02\\\/seance-privee-offerte-9.png\",\"datePublished\":\"2025-04-07T13:58:32+00:00\",\"dateModified\":\"2025-04-07T14:08:54+00:00\",\"breadcrumb\":{\"@id\":\"https:\\\/\\\/ineditfitness.com\\\/site\\\/celebration-des-10-ans-dinedit-fitness-une-soiree-memorable\\\/#breadcrumb\"},\"inLanguage\":\"fr-FR\",\"potentialAction\":[{\"@type\":\"ReadAction\",\"target\":[\"https:\\\/\\\/ineditfitness.com\\\/site\\\/celebration-des-10-ans-dinedit-fitness-une-soiree-memorable\\\/\"]}]},{\"@type\":\"ImageObject\",\"inLanguage\":\"fr-FR\",\"@id\":\"https:\\\/\\\/ineditfitness.com\\\/site\\\/celebration-des-10-ans-dinedit-fitness-une-soiree-memorable\\\/#primaryimage\",\"url\":\"https:\\\/\\\/ineditfitness.com\\\/site\\\/wp-content\\\/uploads\\\/2025\\\/02\\\/seance-privee-offerte-9.png\",\"contentUrl\":\"https:\\\/\\\/ineditfitness.com\\\/site\\\/wp-content\\\/uploads\\\/2025\\\/02\\\/seance-privee-offerte-9.png\",\"width\":940,\"height\":788},{\"@type\":\"BreadcrumbList\",\"@id\":\"https:\\\/\\\/ineditfitness.com\\\/site\\\/celebration-des-10-ans-dinedit-fitness-une-soiree-memorable\\\/#breadcrumb\",\"itemListElement\":[{\"@type\":\"ListItem\",\"position\":1,\"name\":\"Accueil\",\"item\":\"https:\\\/\\\/ineditfitness.com\\\/site\\\/\"},{\"@type\":\"ListItem\",\"position\":2,\"name\":\"C\u00e9l\u00e9bration des 10 ans d&rsquo;Inedit Fitness &#8211; Une soir\u00e9e m\u00e9morable\"}]},{\"@type\":\"WebSite\",\"@id\":\"https:\\\/\\\/ineditfitness.com\\\/site\\\/#website\",\"url\":\"https:\\\/\\\/ineditfitness.com\\\/site\\\/\",\"name\":\"INEDIT FITNESS | Chassieu\",\"description\":\"Vous \u00eates unique, notre coaching aussi - Salle de Sport - Fitness - Stretching - Pilates - Training - Cardio - Marche Nordique - Coaching Individuel - Small groupe\",\"publisher\":{\"@id\":\"https:\\\/\\\/ineditfitness.com\\\/site\\\/#organization\"},\"potentialAction\":[{\"@type\":\"SearchAction\",\"target\":{\"@type\":\"EntryPoint\",\"urlTemplate\":\"https:\\\/\\\/ineditfitness.com\\\/site\\\/?s={search_term_string}\"},\"query-input\":{\"@type\":\"PropertyValueSpecification\",\"valueRequired\":true,\"valueName\":\"search_term_string\"}}],\"inLanguage\":\"fr-FR\"},{\"@type\":\"Organization\",\"@id\":\"https:\\\/\\\/ineditfitness.com\\\/site\\\/#organization\",\"name\":\"INEDIT FITNESS\",\"url\":\"https:\\\/\\\/ineditfitness.com\\\/site\\\/\",\"logo\":{\"@type\":\"ImageObject\",\"inLanguage\":\"fr-FR\",\"@id\":\"https:\\\/\\\/ineditfitness.com\\\/site\\\/#\\\/schema\\\/logo\\\/image\\\/\",\"url\":\"https:\\\/\\\/ineditfitness.com\\\/site\\\/wp-content\\\/uploads\\\/2014\\\/12\\\/studio_inedit_fitness_logo_site.png\",\"contentUrl\":\"https:\\\/\\\/ineditfitness.com\\\/site\\\/wp-content\\\/uploads\\\/2014\\\/12\\\/studio_inedit_fitness_logo_site.png\",\"width\":600,\"height\":210,\"caption\":\"INEDIT FITNESS\"},\"image\":{\"@id\":\"https:\\\/\\\/ineditfitness.com\\\/site\\\/#\\\/schema\\\/logo\\\/image\\\/\"}},{\"@type\":\"Person\",\"@id\":\"https:\\\/\\\/ineditfitness.com\\\/site\\\/#\\\/schema\\\/person\\\/9d9ee2eec28d681796264261a10ef007\",\"name\":\"PISK\",\"image\":{\"@type\":\"ImageObject\",\"inLanguage\":\"fr-FR\",\"@id\":\"https:\\\/\\\/secure.gravatar.com\\\/avatar\\\/10fd830c47f359563c208ec7a2832c91c1957fe839b190df787fbcaf5e7f9bd2?s=96&d=mm&r=g\",\"url\":\"https:\\\/\\\/secure.gravatar.com\\\/avatar\\\/10fd830c47f359563c208ec7a2832c91c1957fe839b190df787fbcaf5e7f9bd2?s=96&d=mm&r=g\",\"contentUrl\":\"https:\\\/\\\/secure.gravatar.com\\\/avatar\\\/10fd830c47f359563c208ec7a2832c91c1957fe839b190df787fbcaf5e7f9bd2?s=96&d=mm&r=g\",\"caption\":\"PISK\"},\"sameAs\":[\"http:\\\/\\\/www.ineditfitness.com\"]}]}<\/script>\n<!-- \/ Yoast SEO plugin. -->","yoast_head_json":{"title":"C\u00e9l\u00e9bration des 10 ans d'Inedit Fitness - Une soir\u00e9e m\u00e9morable - INEDIT FITNESS | Chassieu","robots":{"index":"index","follow":"follow","max-snippet":"max-snippet:-1","max-image-preview":"max-image-preview:large","max-video-preview":"max-video-preview:-1"},"canonical":"https:\/\/ineditfitness.com\/site\/celebration-des-10-ans-dinedit-fitness-une-soiree-memorable\/","og_locale":"fr_FR","og_type":"article","og_title":"C\u00e9l\u00e9bration des 10 ans d'Inedit Fitness - Une soir\u00e9e m\u00e9morable - INEDIT FITNESS | Chassieu","og_description":"[vc_row][vc_column][vc_empty_space][vc_column_text css=\u00a0\u00bb\u00a0\u00bb] Dix ans apr\u00e8s la cr\u00e9ation d&rsquo;In\u00e9dit Fitness, il \u00e9tait essentiel pour sa fondatrice, Caroline POLSINELLI, de c\u00e9l\u00e9brer le parcours accompli&#8230; [\/vc_column_text][vc_empty_space][vc_empty_space][\/vc_column][\/vc_row][vc_row][vc_column][vc_video link=\u00a0\u00bbhttps:\/\/youtu.be\/1qxNU2VZd9k\u00a0\u00bb css=\u00a0\u00bb\u00a0\u00bb title=\u00a0\u00bbC\u00e9l\u00e9bration des 10 ans d&rsquo;Inedit Fitness\u00a0\u00bb][vc_empty_space][vc_empty_space][\/vc_column][\/vc_row][vc_row][vc_column][vc_column_text css=\u00a0\u00bb\u00a0\u00bb] Le samedi 22 mars, INEDIT FITNESS a c\u00e9l\u00e9br\u00e9 avec enthousiasme ses 10 ans d\u2019existence au Best Western de Chassieu, dans une magnifique salle","og_url":"https:\/\/ineditfitness.com\/site\/celebration-des-10-ans-dinedit-fitness-une-soiree-memorable\/","og_site_name":"INEDIT FITNESS | Chassieu","article_published_time":"2025-04-07T13:58:32+00:00","article_modified_time":"2025-04-07T14:08:54+00:00","og_image":[{"width":940,"height":788,"url":"https:\/\/ineditfitness.com\/site\/wp-content\/uploads\/2025\/02\/seance-privee-offerte-9.png","type":"image\/png"}],"author":"PISK","twitter_misc":{"\u00c9crit par":"PISK","Dur\u00e9e de lecture estim\u00e9e":"8 minutes"},"schema":{"@context":"https:\/\/schema.org","@graph":[{"@type":"Article","@id":"https:\/\/ineditfitness.com\/site\/celebration-des-10-ans-dinedit-fitness-une-soiree-memorable\/#article","isPartOf":{"@id":"https:\/\/ineditfitness.com\/site\/celebration-des-10-ans-dinedit-fitness-une-soiree-memorable\/"},"author":{"name":"PISK","@id":"https:\/\/ineditfitness.com\/site\/#\/schema\/person\/9d9ee2eec28d681796264261a10ef007"},"headline":"C\u00e9l\u00e9bration des 10 ans d&rsquo;Inedit Fitness &#8211; Une soir\u00e9e m\u00e9morable","datePublished":"2025-04-07T13:58:32+00:00","dateModified":"2025-04-07T14:08:54+00:00","mainEntityOfPage":{"@id":"https:\/\/ineditfitness.com\/site\/celebration-des-10-ans-dinedit-fitness-une-soiree-memorable\/"},"wordCount":890,"publisher":{"@id":"https:\/\/ineditfitness.com\/site\/#organization"},"image":{"@id":"https:\/\/ineditfitness.com\/site\/celebration-des-10-ans-dinedit-fitness-une-soiree-memorable\/#primaryimage"},"thumbnailUrl":"https:\/\/ineditfitness.com\/site\/wp-content\/uploads\/2025\/02\/seance-privee-offerte-9.png","articleSection":["Sans"],"inLanguage":"fr-FR"},{"@type":"WebPage","@id":"https:\/\/ineditfitness.com\/site\/celebration-des-10-ans-dinedit-fitness-une-soiree-memorable\/","url":"https:\/\/ineditfitness.com\/site\/celebration-des-10-ans-dinedit-fitness-une-soiree-memorable\/","name":"C\u00e9l\u00e9bration des 10 ans d'Inedit Fitness - Une soir\u00e9e m\u00e9morable - INEDIT FITNESS | Chassieu","isPartOf":{"@id":"https:\/\/ineditfitness.com\/site\/#website"},"primaryImageOfPage":{"@id":"https:\/\/ineditfitness.com\/site\/celebration-des-10-ans-dinedit-fitness-une-soiree-memorable\/#primaryimage"},"image":{"@id":"https:\/\/ineditfitness.com\/site\/celebration-des-10-ans-dinedit-fitness-une-soiree-memorable\/#primaryimage"},"thumbnailUrl":"https:\/\/ineditfitness.com\/site\/wp-content\/uploads\/2025\/02\/seance-privee-offerte-9.png","datePublished":"2025-04-07T13:58:32+00:00","dateModified":"2025-04-07T14:08:54+00:00","breadcrumb":{"@id":"https:\/\/ineditfitness.com\/site\/celebration-des-10-ans-dinedit-fitness-une-soiree-memorable\/#breadcrumb"},"inLanguage":"fr-FR","potentialAction":[{"@type":"ReadAction","target":["https:\/\/ineditfitness.com\/site\/celebration-des-10-ans-dinedit-fitness-une-soiree-memorable\/"]}]},{"@type":"ImageObject","inLanguage":"fr-FR","@id":"https:\/\/ineditfitness.com\/site\/celebration-des-10-ans-dinedit-fitness-une-soiree-memorable\/#primaryimage","url":"https:\/\/ineditfitness.com\/site\/wp-content\/uploads\/2025\/02\/seance-privee-offerte-9.png","contentUrl":"https:\/\/ineditfitness.com\/site\/wp-content\/uploads\/2025\/02\/seance-privee-offerte-9.png","width":940,"height":788},{"@type":"BreadcrumbList","@id":"https:\/\/ineditfitness.com\/site\/celebration-des-10-ans-dinedit-fitness-une-soiree-memorable\/#breadcrumb","itemListElement":[{"@type":"ListItem","position":1,"name":"Accueil","item":"https:\/\/ineditfitness.com\/site\/"},{"@type":"ListItem","position":2,"name":"C\u00e9l\u00e9bration des 10 ans d&rsquo;Inedit Fitness &#8211; Une soir\u00e9e m\u00e9morable"}]},{"@type":"WebSite","@id":"https:\/\/ineditfitness.com\/site\/#website","url":"https:\/\/ineditfitness.com\/site\/","name":"INEDIT FITNESS | Chassieu","description":"Vous \u00eates unique, notre coaching aussi - Salle de Sport - Fitness - Stretching - Pilates - Training - Cardio - Marche Nordique - Coaching Individuel - Small groupe","publisher":{"@id":"https:\/\/ineditfitness.com\/site\/#organization"},"potentialAction":[{"@type":"SearchAction","target":{"@type":"EntryPoint","urlTemplate":"https:\/\/ineditfitness.com\/site\/?s={search_term_string}"},"query-input":{"@type":"PropertyValueSpecification","valueRequired":true,"valueName":"search_term_string"}}],"inLanguage":"fr-FR"},{"@type":"Organization","@id":"https:\/\/ineditfitness.com\/site\/#organization","name":"INEDIT FITNESS","url":"https:\/\/ineditfitness.com\/site\/","logo":{"@type":"ImageObject","inLanguage":"fr-FR","@id":"https:\/\/ineditfitness.com\/site\/#\/schema\/logo\/image\/","url":"https:\/\/ineditfitness.com\/site\/wp-content\/uploads\/2014\/12\/studio_inedit_fitness_logo_site.png","contentUrl":"https:\/\/ineditfitness.com\/site\/wp-content\/uploads\/2014\/12\/studio_inedit_fitness_logo_site.png","width":600,"height":210,"caption":"INEDIT FITNESS"},"image":{"@id":"https:\/\/ineditfitness.com\/site\/#\/schema\/logo\/image\/"}},{"@type":"Person","@id":"https:\/\/ineditfitness.com\/site\/#\/schema\/person\/9d9ee2eec28d681796264261a10ef007","name":"PISK","image":{"@type":"ImageObject","inLanguage":"fr-FR","@id":"https:\/\/secure.gravatar.com\/avatar\/10fd830c47f359563c208ec7a2832c91c1957fe839b190df787fbcaf5e7f9bd2?s=96&d=mm&r=g","url":"https:\/\/secure.gravatar.com\/avatar\/10fd830c47f359563c208ec7a2832c91c1957fe839b190df787fbcaf5e7f9bd2?s=96&d=mm&r=g","contentUrl":"https:\/\/secure.gravatar.com\/avatar\/10fd830c47f359563c208ec7a2832c91c1957fe839b190df787fbcaf5e7f9bd2?s=96&d=mm&r=g","caption":"PISK"},"sameAs":["http:\/\/www.ineditfitness.com"]}]}},"_links":{"self":[{"href":"https:\/\/ineditfitness.com\/site\/wp-json\/wp\/v2\/posts\/13876","targetHints":{"allow":["GET"]}}],"collection":[{"href":"https:\/\/ineditfitness.com\/site\/wp-json\/wp\/v2\/posts"}],"about":[{"href":"https:\/\/ineditfitness.com\/site\/wp-json\/wp\/v2\/types\/post"}],"author":[{"embeddable":true,"href":"https:\/\/ineditfitness.com\/site\/wp-json\/wp\/v2\/users\/3"}],"replies":[{"embeddable":true,"href":"https:\/\/ineditfitness.com\/site\/wp-json\/wp\/v2\/comments?post=13876"}],"version-history":[{"count":2,"href":"https:\/\/ineditfitness.com\/site\/wp-json\/wp\/v2\/posts\/13876\/revisions"}],"predecessor-version":[{"id":13917,"href":"https:\/\/ineditfitness.com\/site\/wp-json\/wp\/v2\/posts\/13876\/revisions\/13917"}],"wp:featuredmedia":[{"embeddable":true,"href":"https:\/\/ineditfitness.com\/site\/wp-json\/wp\/v2\/media\/13837"}],"wp:attachment":[{"href":"https:\/\/ineditfitness.com\/site\/wp-json\/wp\/v2\/media?parent=13876"}],"wp:term":[{"taxonomy":"category","embeddable":true,"href":"https:\/\/ineditfitness.com\/site\/wp-json\/wp\/v2\/categories?post=13876"},{"taxonomy":"post_tag","embeddable":true,"href":"https:\/\/ineditfitness.com\/site\/wp-json\/wp\/v2\/tags?post=13876"}],"curies":[{"name":"wp","href":"https:\/\/api.w.org\/{rel}","templated":true}]}}