{"id":13595,"date":"2024-07-02T11:10:16","date_gmt":"2024-07-02T09:10:16","guid":{"rendered":"https:\/\/ineditfitness.com\/site\/?p=13595"},"modified":"2024-08-19T11:36:53","modified_gmt":"2024-08-19T09:36:53","slug":"profiter-des-vacances-pour-se-remettre-en-forme","status":"publish","type":"post","link":"https:\/\/ineditfitness.com\/site\/profiter-des-vacances-pour-se-remettre-en-forme\/","title":{"rendered":"Profiter des vacances pour se remettre en forme"},"content":{"rendered":"<div class=\"wpb-content-wrapper\"><p>[vc_row][vc_column][vc_column_text]<\/p>\n<h2 style=\"text-align: center;\"><span style=\"color: #ff0000;\"><strong>Conseils d&rsquo;Inedit Fitness pour se remettre en forme pendant les vacances<\/strong><\/span><\/h2>\n<p>[\/vc_column_text][vc_empty_space][vc_column_text css=\u00a0\u00bb\u00a0\u00bb]Travail, obligations, sollicitations \u2026 Nous n\u2019avons pas toujours le temps de souffler au quotidien et le stress fatigue notre organisme. Les vacances sont une excellente occasion de respirer, de se reposer et de se remettre en forme. Celle aussi de partir \u00e0 l\u2019aventure et \u00e0 la d\u00e9couverte d\u2019autres activit\u00e9s. Voici comment profiter des vacances pour se remettre en forme.<\/p>\n<p>Mais attention \u00e0 ne pas en faire trop ![\/vc_column_text][vc_empty_space][\/vc_column][\/vc_row][vc_row][vc_column][vc_column_text css=\u00a0\u00bb\u00a0\u00bb]<\/p>\n<h2 style=\"text-align: center;\"><span style=\"color: #ff0000;\"><strong>Profiter des vacances pour se remettre en forme<\/strong><\/span><\/h2>\n<h3><strong>Prendre soin de son sommeil<\/strong><\/h3>\n<p>Les vacances sont un moment privil\u00e9gi\u00e9 pour enfin accorder \u00e0 notre corps le repos qu&rsquo;il m\u00e9rite. Tout au long de l&rsquo;ann\u00e9e, les obligations professionnelles, les sollicitations familiales, et le stress quotidien perturbent souvent notre rythme biologique, entra\u00eenant des nuits trop courtes et un sommeil de mauvaise qualit\u00e9. C&rsquo;est pourquoi, lorsque vient le temps des vacances, il est essentiel de se r\u00e9approprier ce temps de repos.<\/p>\n<p><span style=\"text-decoration: underline;\">\u00c0 faire <\/span>: Pour profiter au maximum de cette p\u00e9riode, respectez votre rythme biologique naturel. Laissez de c\u00f4t\u00e9 les alarmes stressantes et r\u00e9veillez-vous naturellement, quand votre corps se sent pr\u00eat. Essayez de vous coucher \u00e0 des heures r\u00e9guli\u00e8res pour aider votre organisme \u00e0 retrouver un rythme \u00e9quilibr\u00e9. Si possible, offrez-vous des vacances de plus de deux semaines, car il faut environ 10 jours \u00e0 votre corps pour s&rsquo;adapter \u00e0 un nouveau rythme et rel\u00e2cher compl\u00e8tement la pression accumul\u00e9e. Un autre conseil pratique : si vous voyagez dans un pays avec un d\u00e9calage horaire, pr\u00e9voyez un temps de r\u00e9adaptation avant la rentr\u00e9e pour ne pas subir de plein fouet le choc du retour.<\/p>\n<p><span style=\"text-decoration: underline;\">\u00c0 \u00e9viter<\/span> : M\u00eame si les vacances riment souvent avec f\u00eate et d\u00e9tente, il faut savoir mod\u00e9rer certains plaisirs. Par exemple, les exc\u00e8s d&rsquo;alcool et les repas trop copieux peuvent nuire \u00e0 la qualit\u00e9 de votre sommeil, vous laissant fatigu\u00e9 malgr\u00e9 de longues nuits. De plus, \u00e9vitez de vous coucher trop tard r\u00e9guli\u00e8rement, car cela perturbe la s\u00e9cr\u00e9tion de cortisol, l&rsquo;hormone qui aide \u00e0 nous r\u00e9veiller en douceur le matin. En somme, tout est une question d&rsquo;\u00e9quilibre pour revenir de vacances v\u00e9ritablement repos\u00e9.<\/p>\n<h3><strong>Faire du sport sans forcer<\/strong><\/h3>\n<p>Les vacances sont l&rsquo;occasion id\u00e9ale pour se reconnecter avec une activit\u00e9 physique, que ce soit en d\u00e9couvrant un nouveau sport ou en pratiquant une activit\u00e9 que vous aimez d\u00e9j\u00e0. C\u2019est un moyen parfait de se d\u00e9penser tout en prenant du plaisir, mais attention \u00e0 ne pas trop en faire.<\/p>\n<p><span style=\"text-decoration: underline;\">\u00c0 faire<\/span> : Int\u00e9grer une activit\u00e9 sportive durant les vacances est un excellent moyen de dynamiser votre corps et votre esprit. Que vous optiez pour des balades \u00e0 v\u00e9lo, un stage de surf ou des trekkings en pleine nature, le sport vous aidera \u00e0 vous sentir revitalis\u00e9 en quelques jours. C&rsquo;est \u00e9galement l&rsquo;occasion de mettre en place de bonnes habitudes que vous pourrez poursuivre apr\u00e8s les vacances, contribuant ainsi \u00e0 maintenir votre forme physique tout au long de l&rsquo;ann\u00e9e.<\/p>\n<p><span style=\"text-decoration: underline;\">\u00c0 \u00e9viter<\/span> : Cependant, il est crucial de ne pas se lancer dans des activit\u00e9s physiques trop intenses si vous n\u2019\u00eates pas bien pr\u00e9par\u00e9. Par exemple, entreprendre une semaine de randonn\u00e9e sans entra\u00eenement pr\u00e9alable pourrait transformer vos vacances en une \u00e9preuve difficile, plut\u00f4t que de vous offrir la d\u00e9tente recherch\u00e9e. Une activit\u00e9 mal adapt\u00e9e peut non seulement entra\u00eener une grande fatigue, mais aussi augmenter le risque de blessures. L&rsquo;essentiel est de trouver un juste milieu pour rester actif sans \u00e9puiser vos r\u00e9serves d&rsquo;\u00e9nergie.<\/p>\n<h3><strong>Manger bon\u2026 et sain<\/strong><\/h3>\n<p>En vacances, il est tentant de se laisser aller aux plaisirs de la table, surtout si on est en mode farniente et que l&rsquo;on cherche \u00e0 se d\u00e9tendre sans se prendre la t\u00eate. Pourtant, bien manger reste essentiel pour maintenir sa forme et se remettre en forme.<\/p>\n<p><span style=\"text-decoration: underline;\">\u00c0 faire<\/span> : Les vacances sont l\u2019occasion r\u00eav\u00e9e de se faire plaisir avec des plats riches en saveurs et en nutriments. Profitez-en pour d\u00e9couvrir les produits locaux, notamment les fruits de mer, les poissons, les fruits et l\u00e9gumes de saison. Ces aliments sont souvent riches en vitamines et min\u00e9raux, et ils apportent \u00e0 votre corps ce dont il a besoin pour bien fonctionner. N\u2019oubliez pas que bien manger, c\u2019est aussi bien s\u2019hydrater : buvez de l\u2019eau tout au long de la journ\u00e9e, surtout si vous \u00eates dans une r\u00e9gion chaude ou si vous faites beaucoup d\u2019activit\u00e9s physiques.<\/p>\n<p><span style=\"text-decoration: underline;\">\u00c0 \u00e9viter<\/span> : \u00c9vitez les exc\u00e8s alimentaires, surtout les repas trop lourds qui peuvent vous fatiguer et nuire \u00e0 votre digestion. Si vous avez l\u2019habitude de compenser le stress par la nourriture, les vacances sont le moment id\u00e9al pour changer cette habitude. En effet, la d\u00e9tente vous permet de manger plus l\u00e9ger, d\u2019\u00e9couter votre corps et de mieux r\u00e9pondre \u00e0 ses besoins r\u00e9els. Profitez donc de cette p\u00e9riode pour r\u00e9\u00e9quilibrer votre alimentation, sans pour autant vous priver des plaisirs gustatifs.<\/p>\n<h3><strong>D\u00e9connecter<\/strong><\/h3>\n<p>Dans notre soci\u00e9t\u00e9 hyperconnect\u00e9e, les sollicitations num\u00e9riques sont omnipr\u00e9sentes, et elles peuvent \u00eatre une source majeure de stress. Les vacances offrent une opportunit\u00e9 unique de d\u00e9connecter et de faire une pause bien m\u00e9rit\u00e9e de cette surcharge digitale.<\/p>\n<p><span style=\"text-decoration: underline;\">\u00c0 faire<\/span> : Profitez des vacances pour passer en mode avion, au sens propre comme au figur\u00e9. C\u2019est l\u2019occasion de mettre en place une v\u00e9ritable d\u00e9tox num\u00e9rique. Bien entendu, il est compr\u00e9hensible que vous ayez besoin de votre t\u00e9l\u00e9phone pour rester en contact avec vos proches ou g\u00e9rer certains aspects pratiques de votre s\u00e9jour. Mais essayez de limiter au maximum l\u2019usage des \u00e9crans. Laissez un message d\u2019absence sur vos messageries et acceptez de ne pas \u00eatre joignable en permanence. En fin de journ\u00e9e, privil\u00e9giez les activit\u00e9s qui ne n\u00e9cessitent pas d\u2019\u00e9cran, comme lire un bon livre, jouer \u00e0 des jeux de soci\u00e9t\u00e9 ou simplement admirer un coucher de soleil.<\/p>\n<p><span style=\"text-decoration: underline;\">\u00c0 \u00e9viter<\/span> : M\u00eame si cela semble relaxant, \u00e9vitez de passer vos soir\u00e9es devant un \u00e9cran. Regarder un film ou jouer sur son ordinateur peut perturber la production de m\u00e9latonine, l\u2019hormone du sommeil, et ainsi nuire \u00e0 la qualit\u00e9 de votre repos. Bannissez les \u00e9crans avant de dormir et optez pour des activit\u00e9s plus apaisantes. D\u00e9connecter, c\u2019est aussi se reconnecter \u00e0 soi-m\u00eame et aux autres, sans l\u2019interf\u00e9rence constante des technologies.<\/p>\n<h3><strong>L\u00e2cher prise<\/strong><\/h3>\n<p>L\u00e2cher prise est sans doute l&rsquo;un des aspects les plus essentiels des vacances. C&rsquo;est l&rsquo;opportunit\u00e9 de se d\u00e9tacher des contraintes du quotidien, de faire le point sur soi-m\u00eame, et de retrouver une certaine s\u00e9r\u00e9nit\u00e9 int\u00e9rieure.<\/p>\n<p><span style=\"text-decoration: underline;\">\u00c0 faire<\/span> : Apprenez \u00e0 \u00e9couter votre corps et votre esprit. Les vacances sont l&rsquo;occasion de faire une pause, de rel\u00e2cher la pression accumul\u00e9e tout au long de l&rsquo;ann\u00e9e. Prenez soin de vous, faites-vous plaisir sans culpabilit\u00e9, et autorisez-vous \u00e0 ne rien faire. C&rsquo;est aussi le moment id\u00e9al pour essayer des techniques de relaxation comme la coh\u00e9rence cardiaque ou la m\u00e9ditation, qui vous aideront \u00e0 mieux g\u00e9rer le stress et \u00e0 retrouver un \u00e9quilibre int\u00e9rieur. Se recentrer sur soi, c\u2019est aussi se donner les moyens de revenir plus fort et plus serein apr\u00e8s les vacances.<\/p>\n<p><span style=\"text-decoration: underline;\">\u00c0 \u00e9viter<\/span> : Cependant, l\u00e2cher prise ne signifie pas tout laisser tomber. Il est important d&rsquo;avoir bien pr\u00e9par\u00e9 la rentr\u00e9e avant de partir, pour \u00e9viter le stress du retour. Si vous partez en vacances sans avoir organis\u00e9 vos dossiers ou sans avoir pens\u00e9 \u00e0 la reprise, vous risquez de revenir avec une angoisse latente qui g\u00e2chera votre p\u00e9riode de repos. Prenez donc le temps de planifier vos obligations \u00e0 venir, afin de pouvoir vous d\u00e9tendre pleinement en vacances.<\/p>\n<h3><strong>Bonifier avec un coaching sportif personnalis\u00e9<\/strong><\/h3>\n<p>Apr\u00e8s avoir pris soin de votre corps et de votre esprit pendant les vacances, pourquoi ne pas prolonger ces bonnes habitudes \u00e0 votre retour ? Un coaching sportif personnalis\u00e9 peut vous aider \u00e0 maintenir le cap et \u00e0 continuer de prendre soin de vous tout au long de l\u2019ann\u00e9e.<\/p>\n<p><span style=\"text-decoration: underline;\">\u00c0 faire<\/span> : D\u00e8s votre retour, pensez \u00e0 vous inscrire \u00e0 des s\u00e9ances de coaching sportif. Un coach professionnel pourra vous proposer un programme adapt\u00e9 \u00e0 vos objectifs, que ce soit pour continuer \u00e0 perdre du poids, pour renforcer votre musculature ou simplement pour garder la forme. et pourquoi pas un coaching personnalis\u00e9 en visio avec <a href=\"http:\/\/www.ineditfitness.com\">Inedit Fitness<\/a> ? Cala vous permet d\u2019adopter une routine qui prend en compte vos besoins sp\u00e9cifiques, tout en vous motivant \u00e0 rester actif. C\u2019est un excellent moyen de prolonger les bienfaits de vos vacances, de rester dynamique et de ne pas retomber dans les habitudes s\u00e9dentaires du quotidien.<\/p>\n<p><span style=\"text-decoration: underline;\">\u00c0 \u00e9viter<\/span> : Ne n\u00e9gligez pas l\u2019importance de la r\u00e9gularit\u00e9. Si vous avez d\u00e9cid\u00e9 de vous remettre au sport, il est essentiel de ne pas abandonner au bout de quelques semaines. Un coaching r\u00e9gulier avec nos \u00e9quipes vous permettra de maintenir votre motivation et de vous assurer que vous atteignez vos objectifs sur le long terme. Alors engagez-vous pleinement, d\u00e8s maintenant, dans ce processus de remise en forme.<\/p>\n<h3><strong>L&rsquo;Exp\u00e9rience Inedit Fitness pour votre bien-\u00eatre<\/strong><\/h3>\n<p>L&rsquo;un des avantages majeurs d&rsquo;<a href=\"http:\/\/www.ineditfitness.com\">Inedit Fitness<\/a> est la flexibilit\u00e9 qu&rsquo;il offre \u00e0 ses membres. Les s\u00e9ances, d&rsquo;une dur\u00e9e de 30 minutes \u00e0 1 heure, peuvent \u00eatre facilement int\u00e9gr\u00e9es dans votre emploi du temps charg\u00e9.<\/p>\n<p>La r\u00e9servation en ligne simple et rapide vous permet de planifier vos s\u00e9ances selon vos disponibilit\u00e9s.<\/p>\n<p>La personnalisation est au c\u0153ur de l&rsquo;approche d&rsquo;Inedit Fitness. Chaque s\u00e9ance est adapt\u00e9e \u00e0 vos besoins sp\u00e9cifiques, \u00e0 votre niveau de forme et \u00e0 vos objectifs. Les coachs \u00e9valuent constamment vos progr\u00e8s et ajustent les exercices en cons\u00e9quence, assurant ainsi une progression constante et s\u00fbre.<\/p>\n<p>Pour ceux qui h\u00e9sitent encore, Inedit Fitness offre la possibilit\u00e9 de participer \u00e0 une s\u00e9ance d&rsquo;essai en visioconf\u00e9rence. C&rsquo;est l&rsquo;occasion id\u00e9ale de d\u00e9couvrir le concept, d&rsquo;interagir avec un coach exp\u00e9riment\u00e9 et de voir comment cette approche innovante peut s&rsquo;int\u00e9grer dans votre routine quotidienne.<\/p>\n<h3><strong>Rejoignez le mouvement : agissez maintenant avec Inedit Fitness pour prendre soin de votre sant\u00e9<\/strong><\/h3>\n<p>[\/vc_column_text][vc_empty_space][\/vc_column][\/vc_row][vc_row][vc_column][vc_empty_space][vc_empty_space][vc_column_text]<\/p>\n<h3 style=\"text-align: center;\"><span style=\"font-size: 18pt; color: #ff0000;\">Vous avez besoin de conseils ?<\/span><\/h3>\n<p>[\/vc_column_text][vc_empty_space][\/vc_column][\/vc_row][vc_row][vc_column width=\u00a0\u00bb1\/2&Prime;][vc_single_image image=\u00a0\u00bb9535&Prime; img_size=\u00a0\u00bblarge\u00a0\u00bb alignment=\u00a0\u00bbcenter\u00a0\u00bb][\/vc_column][vc_column width=\u00a0\u00bb1\/2&Prime;][vc_empty_space][vc_empty_space][vc_empty_space][vc_column_text]<\/p>\n<p style=\"text-align: center;\"><span style=\"font-size: 14pt;\">Vous n&rsquo;\u00eates pas seul(e), l&rsquo;\u00e9quipe d&rsquo;In\u00e9dit Fitness est l\u00e0 pour vous accompagner, posez-nous toutes vos questions, <a href=\"https:\/\/ineditfitness.com\/site\/contact\/\" target=\"_blank\" rel=\"noopener\">cliquez ici<\/a><\/span><\/p>\n<p>[\/vc_column_text][\/vc_column][\/vc_row][vc_row][vc_column][vc_empty_space][vc_empty_space][vc_column_text css=\u00a0\u00bb\u00a0\u00bb]<\/p>\n<h2 style=\"text-align: center;\"><span style=\"font-size: 36pt; color: #ff0000;\">Bienvenue chez Inedit fitness pour prendre soin de votre bien-\u00eatre !<\/span><\/h2>\n<p>[\/vc_column_text][vc_empty_space][vc_empty_space][\/vc_column][\/vc_row]<\/p>\n<\/div>","protected":false},"excerpt":{"rendered":"<p>[vc_row][vc_column][vc_column_text] Conseils d&rsquo;Inedit Fitness pour se remettre en forme pendant les vacances [\/vc_column_text][vc_empty_space][vc_column_text css=\u00a0\u00bb\u00a0\u00bb]Travail, obligations, sollicitations \u2026 Nous n\u2019avons pas toujours le temps de souffler au quotidien et le stress fatigue notre organisme. Les vacances sont une excellente occasion de respirer, de se reposer et de se remettre en forme. Celle aussi de partir \u00e0<\/p>\n","protected":false},"author":233,"featured_media":13601,"comment_status":"open","ping_status":"open","sticky":false,"template":"","format":"standard","meta":{"footnotes":""},"categories":[1],"tags":[250,251],"class_list":["post-13595","post","type-post","status-publish","format-standard","has-post-thumbnail","hentry","category-sans","tag-bien-etre","tag-remise-en-forme"],"yoast_head":"<!-- This site is optimized with the Yoast SEO plugin v27.4 - https:\/\/yoast.com\/product\/yoast-seo-wordpress\/ -->\n<title>Profiter des vacances pour se remettre en forme - INEDIT FITNESS | Chassieu<\/title>\n<meta name=\"description\" content=\"Profiter des vacances pour se remettre en forme vous aidera \u00e0 retrouver votre bien-\u00eatre pour garder la forme tout au long de l&#039;ann\u00e9e.\" \/>\n<meta name=\"robots\" content=\"index, follow, max-snippet:-1, max-image-preview:large, max-video-preview:-1\" \/>\n<link rel=\"canonical\" href=\"https:\/\/ineditfitness.com\/site\/profiter-des-vacances-pour-se-remettre-en-forme\/\" \/>\n<meta property=\"og:locale\" content=\"fr_FR\" \/>\n<meta property=\"og:type\" content=\"article\" \/>\n<meta property=\"og:title\" content=\"Profiter des vacances pour se remettre en forme - INEDIT FITNESS | Chassieu\" \/>\n<meta property=\"og:description\" content=\"Profiter des vacances pour se remettre en forme vous aidera \u00e0 retrouver votre bien-\u00eatre pour garder la forme tout au long de l&#039;ann\u00e9e.\" \/>\n<meta property=\"og:url\" content=\"https:\/\/ineditfitness.com\/site\/profiter-des-vacances-pour-se-remettre-en-forme\/\" \/>\n<meta property=\"og:site_name\" content=\"INEDIT FITNESS | Chassieu\" \/>\n<meta property=\"article:published_time\" content=\"2024-07-02T09:10:16+00:00\" \/>\n<meta property=\"article:modified_time\" content=\"2024-08-19T09:36:53+00:00\" \/>\n<meta property=\"og:image\" content=\"https:\/\/ineditfitness.com\/site\/wp-content\/uploads\/2024\/07\/Profiter_des_vacances_pour_se_remettre_en_forme-2.jpg\" \/>\n\t<meta property=\"og:image:width\" content=\"680\" \/>\n\t<meta property=\"og:image:height\" content=\"680\" \/>\n\t<meta property=\"og:image:type\" content=\"image\/jpeg\" \/>\n<meta name=\"author\" content=\"Pascal Leby\" \/>\n<meta name=\"twitter:label1\" content=\"\u00c9crit par\" \/>\n\t<meta name=\"twitter:data1\" content=\"Pascal Leby\" \/>\n\t<meta name=\"twitter:label2\" content=\"Dur\u00e9e de lecture estim\u00e9e\" \/>\n\t<meta name=\"twitter:data2\" content=\"9 minutes\" \/>\n<script type=\"application\/ld+json\" class=\"yoast-schema-graph\">{\"@context\":\"https:\\\/\\\/schema.org\",\"@graph\":[{\"@type\":\"Article\",\"@id\":\"https:\\\/\\\/ineditfitness.com\\\/site\\\/profiter-des-vacances-pour-se-remettre-en-forme\\\/#article\",\"isPartOf\":{\"@id\":\"https:\\\/\\\/ineditfitness.com\\\/site\\\/profiter-des-vacances-pour-se-remettre-en-forme\\\/\"},\"author\":{\"name\":\"Pascal Leby\",\"@id\":\"https:\\\/\\\/ineditfitness.com\\\/site\\\/#\\\/schema\\\/person\\\/0fcb48a9d9f41731df5e4c4c2446cf4f\"},\"headline\":\"Profiter des vacances pour se remettre en forme\",\"datePublished\":\"2024-07-02T09:10:16+00:00\",\"dateModified\":\"2024-08-19T09:36:53+00:00\",\"mainEntityOfPage\":{\"@id\":\"https:\\\/\\\/ineditfitness.com\\\/site\\\/profiter-des-vacances-pour-se-remettre-en-forme\\\/\"},\"wordCount\":1926,\"commentCount\":0,\"publisher\":{\"@id\":\"https:\\\/\\\/ineditfitness.com\\\/site\\\/#organization\"},\"image\":{\"@id\":\"https:\\\/\\\/ineditfitness.com\\\/site\\\/profiter-des-vacances-pour-se-remettre-en-forme\\\/#primaryimage\"},\"thumbnailUrl\":\"https:\\\/\\\/ineditfitness.com\\\/site\\\/wp-content\\\/uploads\\\/2024\\\/07\\\/Profiter_des_vacances_pour_se_remettre_en_forme-2.jpg\",\"keywords\":[\"bien-\u00eatre\",\"remise en forme\"],\"articleSection\":[\"Sans\"],\"inLanguage\":\"fr-FR\",\"potentialAction\":[{\"@type\":\"CommentAction\",\"name\":\"Comment\",\"target\":[\"https:\\\/\\\/ineditfitness.com\\\/site\\\/profiter-des-vacances-pour-se-remettre-en-forme\\\/#respond\"]}]},{\"@type\":\"WebPage\",\"@id\":\"https:\\\/\\\/ineditfitness.com\\\/site\\\/profiter-des-vacances-pour-se-remettre-en-forme\\\/\",\"url\":\"https:\\\/\\\/ineditfitness.com\\\/site\\\/profiter-des-vacances-pour-se-remettre-en-forme\\\/\",\"name\":\"Profiter des vacances pour se remettre en forme - INEDIT FITNESS | Chassieu\",\"isPartOf\":{\"@id\":\"https:\\\/\\\/ineditfitness.com\\\/site\\\/#website\"},\"primaryImageOfPage\":{\"@id\":\"https:\\\/\\\/ineditfitness.com\\\/site\\\/profiter-des-vacances-pour-se-remettre-en-forme\\\/#primaryimage\"},\"image\":{\"@id\":\"https:\\\/\\\/ineditfitness.com\\\/site\\\/profiter-des-vacances-pour-se-remettre-en-forme\\\/#primaryimage\"},\"thumbnailUrl\":\"https:\\\/\\\/ineditfitness.com\\\/site\\\/wp-content\\\/uploads\\\/2024\\\/07\\\/Profiter_des_vacances_pour_se_remettre_en_forme-2.jpg\",\"datePublished\":\"2024-07-02T09:10:16+00:00\",\"dateModified\":\"2024-08-19T09:36:53+00:00\",\"description\":\"Profiter des vacances pour se remettre en forme vous aidera \u00e0 retrouver votre bien-\u00eatre pour garder la forme tout au long de l'ann\u00e9e.\",\"breadcrumb\":{\"@id\":\"https:\\\/\\\/ineditfitness.com\\\/site\\\/profiter-des-vacances-pour-se-remettre-en-forme\\\/#breadcrumb\"},\"inLanguage\":\"fr-FR\",\"potentialAction\":[{\"@type\":\"ReadAction\",\"target\":[\"https:\\\/\\\/ineditfitness.com\\\/site\\\/profiter-des-vacances-pour-se-remettre-en-forme\\\/\"]}]},{\"@type\":\"ImageObject\",\"inLanguage\":\"fr-FR\",\"@id\":\"https:\\\/\\\/ineditfitness.com\\\/site\\\/profiter-des-vacances-pour-se-remettre-en-forme\\\/#primaryimage\",\"url\":\"https:\\\/\\\/ineditfitness.com\\\/site\\\/wp-content\\\/uploads\\\/2024\\\/07\\\/Profiter_des_vacances_pour_se_remettre_en_forme-2.jpg\",\"contentUrl\":\"https:\\\/\\\/ineditfitness.com\\\/site\\\/wp-content\\\/uploads\\\/2024\\\/07\\\/Profiter_des_vacances_pour_se_remettre_en_forme-2.jpg\",\"width\":680,\"height\":680,\"caption\":\"Profiter_des_vacances_pour_se_remettre_en_forme\"},{\"@type\":\"BreadcrumbList\",\"@id\":\"https:\\\/\\\/ineditfitness.com\\\/site\\\/profiter-des-vacances-pour-se-remettre-en-forme\\\/#breadcrumb\",\"itemListElement\":[{\"@type\":\"ListItem\",\"position\":1,\"name\":\"Accueil\",\"item\":\"https:\\\/\\\/ineditfitness.com\\\/site\\\/\"},{\"@type\":\"ListItem\",\"position\":2,\"name\":\"Profiter des vacances pour se remettre en forme\"}]},{\"@type\":\"WebSite\",\"@id\":\"https:\\\/\\\/ineditfitness.com\\\/site\\\/#website\",\"url\":\"https:\\\/\\\/ineditfitness.com\\\/site\\\/\",\"name\":\"INEDIT FITNESS | Chassieu\",\"description\":\"Vous \u00eates unique, notre coaching aussi - Salle de Sport - Fitness - Stretching - Pilates - Training - Cardio - Marche Nordique - Coaching Individuel - Small groupe\",\"publisher\":{\"@id\":\"https:\\\/\\\/ineditfitness.com\\\/site\\\/#organization\"},\"potentialAction\":[{\"@type\":\"SearchAction\",\"target\":{\"@type\":\"EntryPoint\",\"urlTemplate\":\"https:\\\/\\\/ineditfitness.com\\\/site\\\/?s={search_term_string}\"},\"query-input\":{\"@type\":\"PropertyValueSpecification\",\"valueRequired\":true,\"valueName\":\"search_term_string\"}}],\"inLanguage\":\"fr-FR\"},{\"@type\":\"Organization\",\"@id\":\"https:\\\/\\\/ineditfitness.com\\\/site\\\/#organization\",\"name\":\"INEDIT FITNESS\",\"url\":\"https:\\\/\\\/ineditfitness.com\\\/site\\\/\",\"logo\":{\"@type\":\"ImageObject\",\"inLanguage\":\"fr-FR\",\"@id\":\"https:\\\/\\\/ineditfitness.com\\\/site\\\/#\\\/schema\\\/logo\\\/image\\\/\",\"url\":\"https:\\\/\\\/ineditfitness.com\\\/site\\\/wp-content\\\/uploads\\\/2014\\\/12\\\/studio_inedit_fitness_logo_site.png\",\"contentUrl\":\"https:\\\/\\\/ineditfitness.com\\\/site\\\/wp-content\\\/uploads\\\/2014\\\/12\\\/studio_inedit_fitness_logo_site.png\",\"width\":600,\"height\":210,\"caption\":\"INEDIT FITNESS\"},\"image\":{\"@id\":\"https:\\\/\\\/ineditfitness.com\\\/site\\\/#\\\/schema\\\/logo\\\/image\\\/\"}},{\"@type\":\"Person\",\"@id\":\"https:\\\/\\\/ineditfitness.com\\\/site\\\/#\\\/schema\\\/person\\\/0fcb48a9d9f41731df5e4c4c2446cf4f\",\"name\":\"Pascal Leby\",\"image\":{\"@type\":\"ImageObject\",\"inLanguage\":\"fr-FR\",\"@id\":\"https:\\\/\\\/secure.gravatar.com\\\/avatar\\\/3891a0dea1ed1c3d5a97268a820a07902c123fb04d160e082b6039cad448a70a?s=96&d=mm&r=g\",\"url\":\"https:\\\/\\\/secure.gravatar.com\\\/avatar\\\/3891a0dea1ed1c3d5a97268a820a07902c123fb04d160e082b6039cad448a70a?s=96&d=mm&r=g\",\"contentUrl\":\"https:\\\/\\\/secure.gravatar.com\\\/avatar\\\/3891a0dea1ed1c3d5a97268a820a07902c123fb04d160e082b6039cad448a70a?s=96&d=mm&r=g\",\"caption\":\"Pascal Leby\"},\"sameAs\":[\"http:\\\/\\\/www.ineditfitness.com\"]}]}<\/script>\n<!-- \/ Yoast SEO plugin. -->","yoast_head_json":{"title":"Profiter des vacances pour se remettre en forme - INEDIT FITNESS | Chassieu","description":"Profiter des vacances pour se remettre en forme vous aidera \u00e0 retrouver votre bien-\u00eatre pour garder la forme tout au long de l'ann\u00e9e.","robots":{"index":"index","follow":"follow","max-snippet":"max-snippet:-1","max-image-preview":"max-image-preview:large","max-video-preview":"max-video-preview:-1"},"canonical":"https:\/\/ineditfitness.com\/site\/profiter-des-vacances-pour-se-remettre-en-forme\/","og_locale":"fr_FR","og_type":"article","og_title":"Profiter des vacances pour se remettre en forme - INEDIT FITNESS | Chassieu","og_description":"Profiter des vacances pour se remettre en forme vous aidera \u00e0 retrouver votre bien-\u00eatre pour garder la forme tout au long de l'ann\u00e9e.","og_url":"https:\/\/ineditfitness.com\/site\/profiter-des-vacances-pour-se-remettre-en-forme\/","og_site_name":"INEDIT FITNESS | Chassieu","article_published_time":"2024-07-02T09:10:16+00:00","article_modified_time":"2024-08-19T09:36:53+00:00","og_image":[{"width":680,"height":680,"url":"https:\/\/ineditfitness.com\/site\/wp-content\/uploads\/2024\/07\/Profiter_des_vacances_pour_se_remettre_en_forme-2.jpg","type":"image\/jpeg"}],"author":"Pascal Leby","twitter_misc":{"\u00c9crit par":"Pascal Leby","Dur\u00e9e de lecture estim\u00e9e":"9 minutes"},"schema":{"@context":"https:\/\/schema.org","@graph":[{"@type":"Article","@id":"https:\/\/ineditfitness.com\/site\/profiter-des-vacances-pour-se-remettre-en-forme\/#article","isPartOf":{"@id":"https:\/\/ineditfitness.com\/site\/profiter-des-vacances-pour-se-remettre-en-forme\/"},"author":{"name":"Pascal Leby","@id":"https:\/\/ineditfitness.com\/site\/#\/schema\/person\/0fcb48a9d9f41731df5e4c4c2446cf4f"},"headline":"Profiter des vacances pour se remettre en forme","datePublished":"2024-07-02T09:10:16+00:00","dateModified":"2024-08-19T09:36:53+00:00","mainEntityOfPage":{"@id":"https:\/\/ineditfitness.com\/site\/profiter-des-vacances-pour-se-remettre-en-forme\/"},"wordCount":1926,"commentCount":0,"publisher":{"@id":"https:\/\/ineditfitness.com\/site\/#organization"},"image":{"@id":"https:\/\/ineditfitness.com\/site\/profiter-des-vacances-pour-se-remettre-en-forme\/#primaryimage"},"thumbnailUrl":"https:\/\/ineditfitness.com\/site\/wp-content\/uploads\/2024\/07\/Profiter_des_vacances_pour_se_remettre_en_forme-2.jpg","keywords":["bien-\u00eatre","remise en forme"],"articleSection":["Sans"],"inLanguage":"fr-FR","potentialAction":[{"@type":"CommentAction","name":"Comment","target":["https:\/\/ineditfitness.com\/site\/profiter-des-vacances-pour-se-remettre-en-forme\/#respond"]}]},{"@type":"WebPage","@id":"https:\/\/ineditfitness.com\/site\/profiter-des-vacances-pour-se-remettre-en-forme\/","url":"https:\/\/ineditfitness.com\/site\/profiter-des-vacances-pour-se-remettre-en-forme\/","name":"Profiter des vacances pour se remettre en forme - INEDIT FITNESS | Chassieu","isPartOf":{"@id":"https:\/\/ineditfitness.com\/site\/#website"},"primaryImageOfPage":{"@id":"https:\/\/ineditfitness.com\/site\/profiter-des-vacances-pour-se-remettre-en-forme\/#primaryimage"},"image":{"@id":"https:\/\/ineditfitness.com\/site\/profiter-des-vacances-pour-se-remettre-en-forme\/#primaryimage"},"thumbnailUrl":"https:\/\/ineditfitness.com\/site\/wp-content\/uploads\/2024\/07\/Profiter_des_vacances_pour_se_remettre_en_forme-2.jpg","datePublished":"2024-07-02T09:10:16+00:00","dateModified":"2024-08-19T09:36:53+00:00","description":"Profiter des vacances pour se remettre en forme vous aidera \u00e0 retrouver votre bien-\u00eatre pour garder la forme tout au long de l'ann\u00e9e.","breadcrumb":{"@id":"https:\/\/ineditfitness.com\/site\/profiter-des-vacances-pour-se-remettre-en-forme\/#breadcrumb"},"inLanguage":"fr-FR","potentialAction":[{"@type":"ReadAction","target":["https:\/\/ineditfitness.com\/site\/profiter-des-vacances-pour-se-remettre-en-forme\/"]}]},{"@type":"ImageObject","inLanguage":"fr-FR","@id":"https:\/\/ineditfitness.com\/site\/profiter-des-vacances-pour-se-remettre-en-forme\/#primaryimage","url":"https:\/\/ineditfitness.com\/site\/wp-content\/uploads\/2024\/07\/Profiter_des_vacances_pour_se_remettre_en_forme-2.jpg","contentUrl":"https:\/\/ineditfitness.com\/site\/wp-content\/uploads\/2024\/07\/Profiter_des_vacances_pour_se_remettre_en_forme-2.jpg","width":680,"height":680,"caption":"Profiter_des_vacances_pour_se_remettre_en_forme"},{"@type":"BreadcrumbList","@id":"https:\/\/ineditfitness.com\/site\/profiter-des-vacances-pour-se-remettre-en-forme\/#breadcrumb","itemListElement":[{"@type":"ListItem","position":1,"name":"Accueil","item":"https:\/\/ineditfitness.com\/site\/"},{"@type":"ListItem","position":2,"name":"Profiter des vacances pour se remettre en forme"}]},{"@type":"WebSite","@id":"https:\/\/ineditfitness.com\/site\/#website","url":"https:\/\/ineditfitness.com\/site\/","name":"INEDIT FITNESS | Chassieu","description":"Vous \u00eates unique, notre coaching aussi - Salle de Sport - Fitness - Stretching - Pilates - Training - Cardio - Marche Nordique - Coaching Individuel - Small groupe","publisher":{"@id":"https:\/\/ineditfitness.com\/site\/#organization"},"potentialAction":[{"@type":"SearchAction","target":{"@type":"EntryPoint","urlTemplate":"https:\/\/ineditfitness.com\/site\/?s={search_term_string}"},"query-input":{"@type":"PropertyValueSpecification","valueRequired":true,"valueName":"search_term_string"}}],"inLanguage":"fr-FR"},{"@type":"Organization","@id":"https:\/\/ineditfitness.com\/site\/#organization","name":"INEDIT FITNESS","url":"https:\/\/ineditfitness.com\/site\/","logo":{"@type":"ImageObject","inLanguage":"fr-FR","@id":"https:\/\/ineditfitness.com\/site\/#\/schema\/logo\/image\/","url":"https:\/\/ineditfitness.com\/site\/wp-content\/uploads\/2014\/12\/studio_inedit_fitness_logo_site.png","contentUrl":"https:\/\/ineditfitness.com\/site\/wp-content\/uploads\/2014\/12\/studio_inedit_fitness_logo_site.png","width":600,"height":210,"caption":"INEDIT FITNESS"},"image":{"@id":"https:\/\/ineditfitness.com\/site\/#\/schema\/logo\/image\/"}},{"@type":"Person","@id":"https:\/\/ineditfitness.com\/site\/#\/schema\/person\/0fcb48a9d9f41731df5e4c4c2446cf4f","name":"Pascal Leby","image":{"@type":"ImageObject","inLanguage":"fr-FR","@id":"https:\/\/secure.gravatar.com\/avatar\/3891a0dea1ed1c3d5a97268a820a07902c123fb04d160e082b6039cad448a70a?s=96&d=mm&r=g","url":"https:\/\/secure.gravatar.com\/avatar\/3891a0dea1ed1c3d5a97268a820a07902c123fb04d160e082b6039cad448a70a?s=96&d=mm&r=g","contentUrl":"https:\/\/secure.gravatar.com\/avatar\/3891a0dea1ed1c3d5a97268a820a07902c123fb04d160e082b6039cad448a70a?s=96&d=mm&r=g","caption":"Pascal Leby"},"sameAs":["http:\/\/www.ineditfitness.com"]}]}},"_links":{"self":[{"href":"https:\/\/ineditfitness.com\/site\/wp-json\/wp\/v2\/posts\/13595","targetHints":{"allow":["GET"]}}],"collection":[{"href":"https:\/\/ineditfitness.com\/site\/wp-json\/wp\/v2\/posts"}],"about":[{"href":"https:\/\/ineditfitness.com\/site\/wp-json\/wp\/v2\/types\/post"}],"author":[{"embeddable":true,"href":"https:\/\/ineditfitness.com\/site\/wp-json\/wp\/v2\/users\/233"}],"replies":[{"embeddable":true,"href":"https:\/\/ineditfitness.com\/site\/wp-json\/wp\/v2\/comments?post=13595"}],"version-history":[{"count":2,"href":"https:\/\/ineditfitness.com\/site\/wp-json\/wp\/v2\/posts\/13595\/revisions"}],"predecessor-version":[{"id":13600,"href":"https:\/\/ineditfitness.com\/site\/wp-json\/wp\/v2\/posts\/13595\/revisions\/13600"}],"wp:featuredmedia":[{"embeddable":true,"href":"https:\/\/ineditfitness.com\/site\/wp-json\/wp\/v2\/media\/13601"}],"wp:attachment":[{"href":"https:\/\/ineditfitness.com\/site\/wp-json\/wp\/v2\/media?parent=13595"}],"wp:term":[{"taxonomy":"category","embeddable":true,"href":"https:\/\/ineditfitness.com\/site\/wp-json\/wp\/v2\/categories?post=13595"},{"taxonomy":"post_tag","embeddable":true,"href":"https:\/\/ineditfitness.com\/site\/wp-json\/wp\/v2\/tags?post=13595"}],"curies":[{"name":"wp","href":"https:\/\/api.w.org\/{rel}","templated":true}]}}