{"id":13407,"date":"2024-02-27T10:25:17","date_gmt":"2024-02-27T09:25:17","guid":{"rendered":"https:\/\/ineditfitness.com\/site\/?p=13407"},"modified":"2024-02-28T18:58:05","modified_gmt":"2024-02-28T17:58:05","slug":"journee-de-la-femme-2024","status":"publish","type":"post","link":"https:\/\/ineditfitness.com\/site\/journee-de-la-femme-2024\/","title":{"rendered":"Journ\u00e9e de la femme 2024"},"content":{"rendered":"<div class=\"wpb-content-wrapper\"><p>[vc_row][vc_column][vc_column_text]<\/p>\n<h1 style=\"text-align: center;\"><span style=\"font-size: 36pt; color: #ff0000;\">Etre une femme en 2024 &#8230;<\/span><\/h1>\n<p>[\/vc_column_text][vc_empty_space][vc_column_text]<\/p>\n<h2 style=\"text-align: center;\"><span style=\"font-size: 18pt;\">Vendredi 8 mars de <\/span><\/h2>\n<h2 style=\"text-align: center;\"><span style=\"font-size: 18pt;\">18H \u00e0 20H<\/span><\/h2>\n<h2 style=\"text-align: center;\"><span style=\"font-size: 18pt;\">A l&rsquo;occasion de la journ\u00e9e de la femme, une soir\u00e9e sp\u00e9ciale pour vous Mesdames !<\/span><\/h2>\n<p>[\/vc_column_text][vc_empty_space][vc_column_text]<\/p>\n<p style=\"text-align: center;\"><span style=\"font-size: 18.6667px;\">4 femmes entrepreneuses, Amandine, Caroline, Aur\u00e9lie et Florence,<\/span><\/p>\n<p style=\"text-align: center;\"><span style=\"font-size: 18.6667px;\">expertes en image et sport\/sant\u00e9, vous invitent \u00e0 prendre un moment pour vous, seule ou entre copines afin d&rsquo;\u00e9changer et d&rsquo;obtenir des conseils pour prendre soin de soi.<\/span><\/p>\n<p>[\/vc_column_text][vc_empty_space][vc_empty_space][vc_column_text]<\/p>\n<h2 style=\"text-align: center;\"><span style=\"font-size: 18pt; color: #ff0000;\">Quel est le programme ?<\/span><\/h2>\n<p>[\/vc_column_text][vc_empty_space][\/vc_column][\/vc_row][vc_row][vc_column width=\u00a0\u00bb1\/2&Prime;][vc_single_image image=\u00a0\u00bb13421&Prime; img_size=\u00a0\u00bbLARGE\u00a0\u00bb alignment=\u00a0\u00bbcenter\u00a0\u00bb][\/vc_column][vc_column width=\u00a0\u00bb1\/2&Prime;][vc_column_text]<\/p>\n<p style=\"text-align: center;\"><strong><span style=\"font-size: 14pt; color: #ff0000;\">2 INTERVENTIONS D&rsquo;EXPERTES&#8230;<\/span><\/strong><\/p>\n<p>[\/vc_column_text][vc_empty_space][vc_column_text]<\/p>\n<p style=\"text-align: center;\"><span style=\"color: #ff0000;\"><strong><span style=\"font-size: 14pt;\">A 18H\u00a0<\/span><\/strong><\/span><\/p>\n<p style=\"text-align: center;\"><strong><span style=\"font-size: 18.6667px;\">Conseils d&rsquo;expertes en Sport\/Sant\u00e9 <\/span><\/strong><\/p>\n<p style=\"text-align: center;\"><span style=\"font-size: 18.6667px;\">Caroline, Florence et Aur\u00e9lie, coachs sportives vous donneront les cl\u00e9s pour rester pleins d&rsquo;\u00e9nergie de nos jours, avec nos diff\u00e9rentes casquettes (maman, femme, salari\u00e9 ou entrepreneuse). <\/span><\/p>\n<p style=\"text-align: center;\"><span style=\"font-size: 18.6667px;\">Comment garder la forme ? Comment \u00e9vacuer le stress ?<\/span><\/p>\n<p style=\"text-align: center;\"><strong><span style=\"font-size: 18.6667px;\"> VENEZ FAIRE LE PLEINS D&rsquo;ENERGIE !<\/span><\/strong><\/p>\n<p>[\/vc_column_text][vc_empty_space][vc_empty_space][vc_column_text]<\/p>\n<p style=\"text-align: center;\"><span style=\"color: #ff0000;\"><strong><span style=\"font-size: 14pt;\">A 18H45\u00a0<\/span><\/strong><\/span><\/p>\n<p style=\"text-align: center;\"><strong><span style=\"font-size: 18.6667px;\">Conseils d&rsquo;experte en image<\/span><\/strong><\/p>\n<p style=\"text-align: center;\"><span style=\"font-size: 18.6667px;\">Amandine, coach relooking, vous donnera \u00e0 travers une pr\u00e9sentation, des conseils en mati\u00e8re de look vestimentaire selon votre morphologie et votre personnalit\u00e9 tout en respectant votre budget et votre go\u00fbt personnel.<\/span><\/p>\n<p style=\"text-align: center;\"><strong><span style=\"font-size: 18.6667px;\"> VENEZ VOUS RELOOKEZ !<\/span><\/strong><\/p>\n<p>[\/vc_column_text][vc_empty_space][vc_empty_space][vc_column_text]<\/p>\n<p style=\"text-align: center;\"><span style=\"color: #ff0000;\"><strong><span style=\"font-size: 14pt;\">A 19H15, pour finir &#8230;\u00a0<\/span><\/strong><\/span><\/p>\n<p style=\"text-align: center;\"><span style=\"font-size: 18.6667px;\">Un temps d&rsquo;\u00e9change et de partage avec toutes les intervenantes autour d&rsquo;un verre.<\/span><\/p>\n<p>[\/vc_column_text][\/vc_column][\/vc_row][vc_row][vc_column][vc_empty_space][vc_empty_space][vc_column_text]<\/p>\n<p style=\"text-align: center;\"><span style=\"color: #000000;\"><strong><span style=\"font-size: 18.6667px;\">DES CADEAUX A GAGNER !<\/span><\/strong><\/span><\/p>\n<p style=\"text-align: center;\"><span style=\"font-size: 18.6667px;\"> &gt; une s\u00e9ance priv\u00e9e de sport entre copines<\/span><\/p>\n<p style=\"text-align: center;\"><span style=\"font-size: 18.6667px;\">&gt; une s\u00e9ance priv\u00e9e de relooking entre copines<\/span><\/p>\n<p>[\/vc_column_text][vc_empty_space][vc_empty_space][vc_column_text]<\/p>\n<h2 style=\"text-align: center;\"><span style=\"font-size: 18pt; color: #ff0000;\">Comment participer ?<\/span><\/h2>\n<p style=\"text-align: center;\"><span style=\"font-size: 14pt;\">Compl\u00e9ter le formulaire ci-dessous. Le nombre de participant est limit\u00e9. <\/span><\/p>\n<p style=\"text-align: center;\"><span style=\"font-size: 14pt;\">R\u00e9servation avant le 4 mars.\u00a0<\/span><\/p>\n<p>[\/vc_column_text][vc_column_text]\n<div class=\"wpcf7 no-js\" id=\"wpcf7-f13408-o1\" lang=\"fr-FR\" dir=\"ltr\" data-wpcf7-id=\"13408\">\n<div class=\"screen-reader-response\"><p role=\"status\" aria-live=\"polite\" aria-atomic=\"true\"><\/p> <ul><\/ul><\/div>\n<form action=\"\/site\/wp-json\/wp\/v2\/posts\/13407#wpcf7-f13408-o1\" method=\"post\" class=\"wpcf7-form init\" aria-label=\"Formulaire de contact\" novalidate=\"novalidate\" data-status=\"init\">\n<fieldset class=\"hidden-fields-container\"><input type=\"hidden\" name=\"_wpcf7\" value=\"13408\" \/><input type=\"hidden\" name=\"_wpcf7_version\" value=\"6.1.5\" \/><input type=\"hidden\" name=\"_wpcf7_locale\" value=\"fr_FR\" \/><input type=\"hidden\" name=\"_wpcf7_unit_tag\" value=\"wpcf7-f13408-o1\" \/><input type=\"hidden\" name=\"_wpcf7_container_post\" value=\"0\" \/><input type=\"hidden\" name=\"_wpcf7_posted_data_hash\" value=\"\" \/><input type=\"hidden\" name=\"_wpcf7_recaptcha_response\" value=\"\" \/>\n<\/fieldset>\n<p>Votre nom et pr\u00e9nom (*)\n<\/p>\n<p><span class=\"wpcf7-form-control-wrap\" data-name=\"your-name\"><input size=\"40\" maxlength=\"400\" class=\"wpcf7-form-control wpcf7-text wpcf7-validates-as-required\" aria-required=\"true\" aria-invalid=\"false\" value=\"\" type=\"text\" name=\"your-name\" \/><\/span>\n<\/p>\n<p>Votre email (*)\n<\/p>\n<p><span class=\"wpcf7-form-control-wrap\" data-name=\"your-email\"><input size=\"40\" maxlength=\"400\" class=\"wpcf7-form-control wpcf7-email wpcf7-validates-as-required wpcf7-text wpcf7-validates-as-email\" aria-required=\"true\" aria-invalid=\"false\" value=\"\" type=\"email\" name=\"your-email\" \/><\/span>\n<\/p>\n<p>Je serai pr\u00e9sente \u00e0 la soir\u00e9e \" \u00eatre une femme en 2024\", vendredi 8 mars (*)\n<\/p>\n<p><span class=\"wpcf7-form-control-wrap\" data-name=\"present\"><span class=\"wpcf7-form-control wpcf7-checkbox wpcf7-validates-as-required\"><span class=\"wpcf7-list-item first\"><span class=\"wpcf7-list-item-label\">Pour l&#039;intervention de 18H<\/span><input type=\"checkbox\" name=\"present[]\" value=\"Pour l&#039;intervention de 18H\" \/><\/span><span class=\"wpcf7-list-item last\"><span class=\"wpcf7-list-item-label\">Pour l&#039;intervention de 18H45<\/span><input type=\"checkbox\" name=\"present[]\" value=\"Pour l&#039;intervention de 18H45\" \/><\/span><\/span><\/span>\n<\/p>\n<p>\n<span class=\"wpcf7-form-control-wrap recaptcha\" data-name=\"recaptcha\"><span data-sitekey=\"6Lc8jB0UAAAAAMT49wv6Z9-FVv1XTuYOeacav4Jc\" class=\"wpcf7-form-control wpcf7-recaptcha g-recaptcha\"><\/span>\r\n<noscript>\r\n\t<div class=\"grecaptcha-noscript\">\r\n\t\t<iframe loading=\"lazy\" src=\"https:\/\/www.google.com\/recaptcha\/api\/fallback?k=6Lc8jB0UAAAAAMT49wv6Z9-FVv1XTuYOeacav4Jc\" frameborder=\"0\" scrolling=\"no\" width=\"310\" height=\"430\">\r\n\t\t<\/iframe>\r\n\t\t<textarea name=\"g-recaptcha-response\" rows=\"3\" cols=\"40\" placeholder=\"reCaptcha Response Here\">\r\n\t\t<\/textarea>\r\n\t<\/div>\r\n<\/noscript>\r\n<\/span>\n<\/p>\n<p><input class=\"wpcf7-form-control wpcf7-submit has-spinner\" type=\"submit\" value=\"Envoyer\" \/>\n<\/p>\n<p><i>(* : requis)<\/i>\n<\/p><input type=\"hidden\" id=\"ct_checkjs_cf7_bca82e41ee7b0833588399b1fcd177c7\" name=\"ct_checkjs_cf7\" value=\"0\" \/><script >setTimeout(function(){var ct_input_name = \"ct_checkjs_cf7_bca82e41ee7b0833588399b1fcd177c7\";if (document.getElementById(ct_input_name) !== null) {var ct_input_value = document.getElementById(ct_input_name).value;document.getElementById(ct_input_name).value = document.getElementById(ct_input_name).value.replace(ct_input_value, '31ca0b22c4c65a12d982c9c7d1eaaec95a4ac2b0ff992b2e96ff1c4121ae2e63');}}, 1000);<\/script><input\n                    class=\"apbct_special_field apbct_email_id__wp_contact_form_7\"\n                    name=\"apbct__email_id__wp_contact_form_7\"\n                    aria-label=\"apbct__label_id__wp_contact_form_7\"\n                    type=\"text\" size=\"30\" maxlength=\"200\" autocomplete=\"off\"\n                    value=\"\"\n                \/><div class=\"wpcf7-response-output\" aria-hidden=\"true\"><\/div>\n<\/form>\n<\/div>\n[\/vc_column_text][vc_empty_space][vc_empty_space][\/vc_column][\/vc_row][vc_row][vc_column width=\u00a0\u00bb1\/2&Prime;][\/vc_column][vc_column width=\u00a0\u00bb1\/2&Prime;][\/vc_column][\/vc_row]<\/p>\n<\/div>","protected":false},"excerpt":{"rendered":"<p>[vc_row][vc_column][vc_column_text] Etre une femme en 2024 &#8230; [\/vc_column_text][vc_empty_space][vc_column_text] Vendredi 8 mars de 18H \u00e0 20H A l&rsquo;occasion de la journ\u00e9e de la femme, une soir\u00e9e sp\u00e9ciale pour vous Mesdames ! [\/vc_column_text][vc_empty_space][vc_column_text] 4 femmes entrepreneuses, Amandine, Caroline, Aur\u00e9lie et Florence, expertes en image et sport\/sant\u00e9, vous invitent \u00e0 prendre un moment pour vous, seule ou entre<\/p>\n","protected":false},"author":3,"featured_media":13421,"comment_status":"open","ping_status":"open","sticky":false,"template":"","format":"standard","meta":{"footnotes":""},"categories":[1],"tags":[],"class_list":["post-13407","post","type-post","status-publish","format-standard","has-post-thumbnail","hentry","category-sans"],"yoast_head":"<!-- This site is optimized with the Yoast SEO plugin v27.4 - https:\/\/yoast.com\/product\/yoast-seo-wordpress\/ -->\n<title>Journ\u00e9e de la femme 2024 - INEDIT FITNESS | Chassieu<\/title>\n<meta name=\"robots\" content=\"index, follow, max-snippet:-1, max-image-preview:large, max-video-preview:-1\" \/>\n<link rel=\"canonical\" href=\"https:\/\/ineditfitness.com\/site\/journee-de-la-femme-2024\/\" \/>\n<meta property=\"og:locale\" content=\"fr_FR\" \/>\n<meta property=\"og:type\" content=\"article\" \/>\n<meta property=\"og:title\" content=\"Journ\u00e9e de la femme 2024 - INEDIT FITNESS | Chassieu\" \/>\n<meta property=\"og:description\" content=\"[vc_row][vc_column][vc_column_text] Etre une femme en 2024 &#8230; [\/vc_column_text][vc_empty_space][vc_column_text] Vendredi 8 mars de 18H \u00e0 20H A l&rsquo;occasion de la journ\u00e9e de la femme, une soir\u00e9e sp\u00e9ciale pour vous Mesdames ! [\/vc_column_text][vc_empty_space][vc_column_text] 4 femmes entrepreneuses, Amandine, Caroline, Aur\u00e9lie et Florence, expertes en image et sport\/sant\u00e9, vous invitent \u00e0 prendre un moment pour vous, seule ou entre\" \/>\n<meta property=\"og:url\" content=\"https:\/\/ineditfitness.com\/site\/journee-de-la-femme-2024\/\" \/>\n<meta property=\"og:site_name\" content=\"INEDIT FITNESS | Chassieu\" \/>\n<meta property=\"article:published_time\" content=\"2024-02-27T09:25:17+00:00\" \/>\n<meta property=\"article:modified_time\" content=\"2024-02-28T17:58:05+00:00\" \/>\n<meta property=\"og:image\" content=\"https:\/\/ineditfitness.com\/site\/wp-content\/uploads\/2024\/02\/Canva-Design.png\" \/>\n\t<meta property=\"og:image:width\" content=\"720\" \/>\n\t<meta property=\"og:image:height\" content=\"1280\" \/>\n\t<meta property=\"og:image:type\" content=\"image\/png\" \/>\n<meta name=\"author\" content=\"PISK\" \/>\n<meta name=\"twitter:label1\" content=\"\u00c9crit par\" \/>\n\t<meta name=\"twitter:data1\" content=\"PISK\" \/>\n\t<meta name=\"twitter:label2\" content=\"Dur\u00e9e de lecture estim\u00e9e\" \/>\n\t<meta name=\"twitter:data2\" content=\"2 minutes\" \/>\n<script type=\"application\/ld+json\" class=\"yoast-schema-graph\">{\"@context\":\"https:\\\/\\\/schema.org\",\"@graph\":[{\"@type\":\"Article\",\"@id\":\"https:\\\/\\\/ineditfitness.com\\\/site\\\/journee-de-la-femme-2024\\\/#article\",\"isPartOf\":{\"@id\":\"https:\\\/\\\/ineditfitness.com\\\/site\\\/journee-de-la-femme-2024\\\/\"},\"author\":{\"name\":\"PISK\",\"@id\":\"https:\\\/\\\/ineditfitness.com\\\/site\\\/#\\\/schema\\\/person\\\/9d9ee2eec28d681796264261a10ef007\"},\"headline\":\"Journ\u00e9e de la femme 2024\",\"datePublished\":\"2024-02-27T09:25:17+00:00\",\"dateModified\":\"2024-02-28T17:58:05+00:00\",\"mainEntityOfPage\":{\"@id\":\"https:\\\/\\\/ineditfitness.com\\\/site\\\/journee-de-la-femme-2024\\\/\"},\"wordCount\":410,\"commentCount\":0,\"publisher\":{\"@id\":\"https:\\\/\\\/ineditfitness.com\\\/site\\\/#organization\"},\"image\":{\"@id\":\"https:\\\/\\\/ineditfitness.com\\\/site\\\/journee-de-la-femme-2024\\\/#primaryimage\"},\"thumbnailUrl\":\"https:\\\/\\\/ineditfitness.com\\\/site\\\/wp-content\\\/uploads\\\/2024\\\/02\\\/Canva-Design.png\",\"articleSection\":[\"Sans\"],\"inLanguage\":\"fr-FR\",\"potentialAction\":[{\"@type\":\"CommentAction\",\"name\":\"Comment\",\"target\":[\"https:\\\/\\\/ineditfitness.com\\\/site\\\/journee-de-la-femme-2024\\\/#respond\"]}]},{\"@type\":\"WebPage\",\"@id\":\"https:\\\/\\\/ineditfitness.com\\\/site\\\/journee-de-la-femme-2024\\\/\",\"url\":\"https:\\\/\\\/ineditfitness.com\\\/site\\\/journee-de-la-femme-2024\\\/\",\"name\":\"Journ\u00e9e de la femme 2024 - INEDIT FITNESS | Chassieu\",\"isPartOf\":{\"@id\":\"https:\\\/\\\/ineditfitness.com\\\/site\\\/#website\"},\"primaryImageOfPage\":{\"@id\":\"https:\\\/\\\/ineditfitness.com\\\/site\\\/journee-de-la-femme-2024\\\/#primaryimage\"},\"image\":{\"@id\":\"https:\\\/\\\/ineditfitness.com\\\/site\\\/journee-de-la-femme-2024\\\/#primaryimage\"},\"thumbnailUrl\":\"https:\\\/\\\/ineditfitness.com\\\/site\\\/wp-content\\\/uploads\\\/2024\\\/02\\\/Canva-Design.png\",\"datePublished\":\"2024-02-27T09:25:17+00:00\",\"dateModified\":\"2024-02-28T17:58:05+00:00\",\"breadcrumb\":{\"@id\":\"https:\\\/\\\/ineditfitness.com\\\/site\\\/journee-de-la-femme-2024\\\/#breadcrumb\"},\"inLanguage\":\"fr-FR\",\"potentialAction\":[{\"@type\":\"ReadAction\",\"target\":[\"https:\\\/\\\/ineditfitness.com\\\/site\\\/journee-de-la-femme-2024\\\/\"]}]},{\"@type\":\"ImageObject\",\"inLanguage\":\"fr-FR\",\"@id\":\"https:\\\/\\\/ineditfitness.com\\\/site\\\/journee-de-la-femme-2024\\\/#primaryimage\",\"url\":\"https:\\\/\\\/ineditfitness.com\\\/site\\\/wp-content\\\/uploads\\\/2024\\\/02\\\/Canva-Design.png\",\"contentUrl\":\"https:\\\/\\\/ineditfitness.com\\\/site\\\/wp-content\\\/uploads\\\/2024\\\/02\\\/Canva-Design.png\",\"width\":720,\"height\":1280},{\"@type\":\"BreadcrumbList\",\"@id\":\"https:\\\/\\\/ineditfitness.com\\\/site\\\/journee-de-la-femme-2024\\\/#breadcrumb\",\"itemListElement\":[{\"@type\":\"ListItem\",\"position\":1,\"name\":\"Accueil\",\"item\":\"https:\\\/\\\/ineditfitness.com\\\/site\\\/\"},{\"@type\":\"ListItem\",\"position\":2,\"name\":\"Journ\u00e9e de la femme 2024\"}]},{\"@type\":\"WebSite\",\"@id\":\"https:\\\/\\\/ineditfitness.com\\\/site\\\/#website\",\"url\":\"https:\\\/\\\/ineditfitness.com\\\/site\\\/\",\"name\":\"INEDIT FITNESS | Chassieu\",\"description\":\"Vous \u00eates unique, notre coaching aussi - Salle de Sport - Fitness - Stretching - Pilates - Training - Cardio - Marche Nordique - Coaching Individuel - Small groupe\",\"publisher\":{\"@id\":\"https:\\\/\\\/ineditfitness.com\\\/site\\\/#organization\"},\"potentialAction\":[{\"@type\":\"SearchAction\",\"target\":{\"@type\":\"EntryPoint\",\"urlTemplate\":\"https:\\\/\\\/ineditfitness.com\\\/site\\\/?s={search_term_string}\"},\"query-input\":{\"@type\":\"PropertyValueSpecification\",\"valueRequired\":true,\"valueName\":\"search_term_string\"}}],\"inLanguage\":\"fr-FR\"},{\"@type\":\"Organization\",\"@id\":\"https:\\\/\\\/ineditfitness.com\\\/site\\\/#organization\",\"name\":\"INEDIT FITNESS\",\"url\":\"https:\\\/\\\/ineditfitness.com\\\/site\\\/\",\"logo\":{\"@type\":\"ImageObject\",\"inLanguage\":\"fr-FR\",\"@id\":\"https:\\\/\\\/ineditfitness.com\\\/site\\\/#\\\/schema\\\/logo\\\/image\\\/\",\"url\":\"https:\\\/\\\/ineditfitness.com\\\/site\\\/wp-content\\\/uploads\\\/2014\\\/12\\\/studio_inedit_fitness_logo_site.png\",\"contentUrl\":\"https:\\\/\\\/ineditfitness.com\\\/site\\\/wp-content\\\/uploads\\\/2014\\\/12\\\/studio_inedit_fitness_logo_site.png\",\"width\":600,\"height\":210,\"caption\":\"INEDIT FITNESS\"},\"image\":{\"@id\":\"https:\\\/\\\/ineditfitness.com\\\/site\\\/#\\\/schema\\\/logo\\\/image\\\/\"}},{\"@type\":\"Person\",\"@id\":\"https:\\\/\\\/ineditfitness.com\\\/site\\\/#\\\/schema\\\/person\\\/9d9ee2eec28d681796264261a10ef007\",\"name\":\"PISK\",\"image\":{\"@type\":\"ImageObject\",\"inLanguage\":\"fr-FR\",\"@id\":\"https:\\\/\\\/secure.gravatar.com\\\/avatar\\\/10fd830c47f359563c208ec7a2832c91c1957fe839b190df787fbcaf5e7f9bd2?s=96&d=mm&r=g\",\"url\":\"https:\\\/\\\/secure.gravatar.com\\\/avatar\\\/10fd830c47f359563c208ec7a2832c91c1957fe839b190df787fbcaf5e7f9bd2?s=96&d=mm&r=g\",\"contentUrl\":\"https:\\\/\\\/secure.gravatar.com\\\/avatar\\\/10fd830c47f359563c208ec7a2832c91c1957fe839b190df787fbcaf5e7f9bd2?s=96&d=mm&r=g\",\"caption\":\"PISK\"},\"sameAs\":[\"http:\\\/\\\/www.ineditfitness.com\"]}]}<\/script>\n<!-- \/ Yoast SEO plugin. -->","yoast_head_json":{"title":"Journ\u00e9e de la femme 2024 - INEDIT FITNESS | Chassieu","robots":{"index":"index","follow":"follow","max-snippet":"max-snippet:-1","max-image-preview":"max-image-preview:large","max-video-preview":"max-video-preview:-1"},"canonical":"https:\/\/ineditfitness.com\/site\/journee-de-la-femme-2024\/","og_locale":"fr_FR","og_type":"article","og_title":"Journ\u00e9e de la femme 2024 - INEDIT FITNESS | Chassieu","og_description":"[vc_row][vc_column][vc_column_text] Etre une femme en 2024 &#8230; [\/vc_column_text][vc_empty_space][vc_column_text] Vendredi 8 mars de 18H \u00e0 20H A l&rsquo;occasion de la journ\u00e9e de la femme, une soir\u00e9e sp\u00e9ciale pour vous Mesdames ! [\/vc_column_text][vc_empty_space][vc_column_text] 4 femmes entrepreneuses, Amandine, Caroline, Aur\u00e9lie et Florence, expertes en image et sport\/sant\u00e9, vous invitent \u00e0 prendre un moment pour vous, seule ou entre","og_url":"https:\/\/ineditfitness.com\/site\/journee-de-la-femme-2024\/","og_site_name":"INEDIT FITNESS | Chassieu","article_published_time":"2024-02-27T09:25:17+00:00","article_modified_time":"2024-02-28T17:58:05+00:00","og_image":[{"width":720,"height":1280,"url":"https:\/\/ineditfitness.com\/site\/wp-content\/uploads\/2024\/02\/Canva-Design.png","type":"image\/png"}],"author":"PISK","twitter_misc":{"\u00c9crit par":"PISK","Dur\u00e9e de lecture estim\u00e9e":"2 minutes"},"schema":{"@context":"https:\/\/schema.org","@graph":[{"@type":"Article","@id":"https:\/\/ineditfitness.com\/site\/journee-de-la-femme-2024\/#article","isPartOf":{"@id":"https:\/\/ineditfitness.com\/site\/journee-de-la-femme-2024\/"},"author":{"name":"PISK","@id":"https:\/\/ineditfitness.com\/site\/#\/schema\/person\/9d9ee2eec28d681796264261a10ef007"},"headline":"Journ\u00e9e de la femme 2024","datePublished":"2024-02-27T09:25:17+00:00","dateModified":"2024-02-28T17:58:05+00:00","mainEntityOfPage":{"@id":"https:\/\/ineditfitness.com\/site\/journee-de-la-femme-2024\/"},"wordCount":410,"commentCount":0,"publisher":{"@id":"https:\/\/ineditfitness.com\/site\/#organization"},"image":{"@id":"https:\/\/ineditfitness.com\/site\/journee-de-la-femme-2024\/#primaryimage"},"thumbnailUrl":"https:\/\/ineditfitness.com\/site\/wp-content\/uploads\/2024\/02\/Canva-Design.png","articleSection":["Sans"],"inLanguage":"fr-FR","potentialAction":[{"@type":"CommentAction","name":"Comment","target":["https:\/\/ineditfitness.com\/site\/journee-de-la-femme-2024\/#respond"]}]},{"@type":"WebPage","@id":"https:\/\/ineditfitness.com\/site\/journee-de-la-femme-2024\/","url":"https:\/\/ineditfitness.com\/site\/journee-de-la-femme-2024\/","name":"Journ\u00e9e de la femme 2024 - INEDIT FITNESS | Chassieu","isPartOf":{"@id":"https:\/\/ineditfitness.com\/site\/#website"},"primaryImageOfPage":{"@id":"https:\/\/ineditfitness.com\/site\/journee-de-la-femme-2024\/#primaryimage"},"image":{"@id":"https:\/\/ineditfitness.com\/site\/journee-de-la-femme-2024\/#primaryimage"},"thumbnailUrl":"https:\/\/ineditfitness.com\/site\/wp-content\/uploads\/2024\/02\/Canva-Design.png","datePublished":"2024-02-27T09:25:17+00:00","dateModified":"2024-02-28T17:58:05+00:00","breadcrumb":{"@id":"https:\/\/ineditfitness.com\/site\/journee-de-la-femme-2024\/#breadcrumb"},"inLanguage":"fr-FR","potentialAction":[{"@type":"ReadAction","target":["https:\/\/ineditfitness.com\/site\/journee-de-la-femme-2024\/"]}]},{"@type":"ImageObject","inLanguage":"fr-FR","@id":"https:\/\/ineditfitness.com\/site\/journee-de-la-femme-2024\/#primaryimage","url":"https:\/\/ineditfitness.com\/site\/wp-content\/uploads\/2024\/02\/Canva-Design.png","contentUrl":"https:\/\/ineditfitness.com\/site\/wp-content\/uploads\/2024\/02\/Canva-Design.png","width":720,"height":1280},{"@type":"BreadcrumbList","@id":"https:\/\/ineditfitness.com\/site\/journee-de-la-femme-2024\/#breadcrumb","itemListElement":[{"@type":"ListItem","position":1,"name":"Accueil","item":"https:\/\/ineditfitness.com\/site\/"},{"@type":"ListItem","position":2,"name":"Journ\u00e9e de la femme 2024"}]},{"@type":"WebSite","@id":"https:\/\/ineditfitness.com\/site\/#website","url":"https:\/\/ineditfitness.com\/site\/","name":"INEDIT FITNESS | Chassieu","description":"Vous \u00eates unique, notre coaching aussi - Salle de Sport - Fitness - Stretching - Pilates - Training - Cardio - Marche Nordique - Coaching Individuel - Small groupe","publisher":{"@id":"https:\/\/ineditfitness.com\/site\/#organization"},"potentialAction":[{"@type":"SearchAction","target":{"@type":"EntryPoint","urlTemplate":"https:\/\/ineditfitness.com\/site\/?s={search_term_string}"},"query-input":{"@type":"PropertyValueSpecification","valueRequired":true,"valueName":"search_term_string"}}],"inLanguage":"fr-FR"},{"@type":"Organization","@id":"https:\/\/ineditfitness.com\/site\/#organization","name":"INEDIT FITNESS","url":"https:\/\/ineditfitness.com\/site\/","logo":{"@type":"ImageObject","inLanguage":"fr-FR","@id":"https:\/\/ineditfitness.com\/site\/#\/schema\/logo\/image\/","url":"https:\/\/ineditfitness.com\/site\/wp-content\/uploads\/2014\/12\/studio_inedit_fitness_logo_site.png","contentUrl":"https:\/\/ineditfitness.com\/site\/wp-content\/uploads\/2014\/12\/studio_inedit_fitness_logo_site.png","width":600,"height":210,"caption":"INEDIT FITNESS"},"image":{"@id":"https:\/\/ineditfitness.com\/site\/#\/schema\/logo\/image\/"}},{"@type":"Person","@id":"https:\/\/ineditfitness.com\/site\/#\/schema\/person\/9d9ee2eec28d681796264261a10ef007","name":"PISK","image":{"@type":"ImageObject","inLanguage":"fr-FR","@id":"https:\/\/secure.gravatar.com\/avatar\/10fd830c47f359563c208ec7a2832c91c1957fe839b190df787fbcaf5e7f9bd2?s=96&d=mm&r=g","url":"https:\/\/secure.gravatar.com\/avatar\/10fd830c47f359563c208ec7a2832c91c1957fe839b190df787fbcaf5e7f9bd2?s=96&d=mm&r=g","contentUrl":"https:\/\/secure.gravatar.com\/avatar\/10fd830c47f359563c208ec7a2832c91c1957fe839b190df787fbcaf5e7f9bd2?s=96&d=mm&r=g","caption":"PISK"},"sameAs":["http:\/\/www.ineditfitness.com"]}]}},"_links":{"self":[{"href":"https:\/\/ineditfitness.com\/site\/wp-json\/wp\/v2\/posts\/13407","targetHints":{"allow":["GET"]}}],"collection":[{"href":"https:\/\/ineditfitness.com\/site\/wp-json\/wp\/v2\/posts"}],"about":[{"href":"https:\/\/ineditfitness.com\/site\/wp-json\/wp\/v2\/types\/post"}],"author":[{"embeddable":true,"href":"https:\/\/ineditfitness.com\/site\/wp-json\/wp\/v2\/users\/3"}],"replies":[{"embeddable":true,"href":"https:\/\/ineditfitness.com\/site\/wp-json\/wp\/v2\/comments?post=13407"}],"version-history":[{"count":2,"href":"https:\/\/ineditfitness.com\/site\/wp-json\/wp\/v2\/posts\/13407\/revisions"}],"predecessor-version":[{"id":13430,"href":"https:\/\/ineditfitness.com\/site\/wp-json\/wp\/v2\/posts\/13407\/revisions\/13430"}],"wp:featuredmedia":[{"embeddable":true,"href":"https:\/\/ineditfitness.com\/site\/wp-json\/wp\/v2\/media\/13421"}],"wp:attachment":[{"href":"https:\/\/ineditfitness.com\/site\/wp-json\/wp\/v2\/media?parent=13407"}],"wp:term":[{"taxonomy":"category","embeddable":true,"href":"https:\/\/ineditfitness.com\/site\/wp-json\/wp\/v2\/categories?post=13407"},{"taxonomy":"post_tag","embeddable":true,"href":"https:\/\/ineditfitness.com\/site\/wp-json\/wp\/v2\/tags?post=13407"}],"curies":[{"name":"wp","href":"https:\/\/api.w.org\/{rel}","templated":true}]}}