{"id":12909,"date":"2022-03-10T12:11:14","date_gmt":"2022-03-10T11:11:14","guid":{"rendered":"https:\/\/ineditfitness.com\/site\/?p=12909"},"modified":"2024-06-15T12:14:42","modified_gmt":"2024-06-15T10:14:42","slug":"podcast-conseils-pour-lutter-contre-le-mal-de-dos","status":"publish","type":"post","link":"https:\/\/ineditfitness.com\/site\/podcast-conseils-pour-lutter-contre-le-mal-de-dos\/","title":{"rendered":"Podcast &#8211; Conseils pour lutter contre le mal de dos"},"content":{"rendered":"<div class=\"wpb-content-wrapper\"><p>[vc_row][vc_column][vc_column_text]<\/p>\n<h1 style=\"text-align: center;\"><span style=\"font-size: 24pt; color: #ff0000;\">Mal de dos . . . <\/span><\/h1>\n<h1 style=\"text-align: center;\"><span style=\"font-size: 24pt; color: #ff0000;\">Le bon traitement, c&rsquo;est le mouvement !<\/span><\/h1>\n<p>[\/vc_column_text][vc_empty_space][vc_column_text]<\/p>\n<p style=\"text-align: center;\" align=\"LEFT\"><span style=\"color: #181818; font-size: 14pt;\"><span style=\"font-family: Proxima Nova Rg, sans-serif;\">On l\u2019appelle le \u201cmal du si\u00e8cle\u201d, car si l\u2019on en croit les \u00e9tudes, ce ne sont pas moins de 80 % des fran\u00e7ais qui souffrent ou souffriront du mal de dos au cours de leur vie. L\u2019expression \u201cmal de dos\u201d recouvre de nombreuses r\u00e9alit\u00e9s &#8211; lumbagos, lombalgies, sciatiques, hernies\u2026- Les causes d\u2019un mal de dos peuvent donc \u00eatre multiples. <\/span><\/span><\/p>\n<p style=\"text-align: center;\" align=\"LEFT\"><span style=\"color: #181818; font-size: 14pt;\"><span style=\"font-family: Proxima Nova Rg, sans-serif;\">Lorsque le mal de dos est b\u00e9nin, de simples mesures d&rsquo;hygi\u00e8ne de vie et des exercices permettent de pr\u00e9venir et de soulager les douleurs du dos.<\/span><\/span><\/p>\n<p>[\/vc_column_text][vc_empty_space][vc_empty_space][\/vc_column][\/vc_row][vc_row][vc_column width=\u00a0\u00bb1\/2&Prime;][vc_column_text]<\/p>\n<p style=\"text-align: center;\"><strong><span style=\"font-size: 18pt;\">Ecoutez les conseils de Caroline !<\/span><\/strong><\/p>\n<p>[\/vc_column_text][vc_single_image image=\u00a0\u00bb12922&Prime; img_size=\u00a0\u00bbmedium\u00a0\u00bb alignment=\u00a0\u00bbcenter\u00a0\u00bb][vc_empty_space][\/vc_column][vc_column width=\u00a0\u00bb1\/2&Prime;][vc_raw_html]JTNDZGl2JTIwc3R5bGUlM0QlMjJwYWRkaW5nJTNBNTYuMjUlMjUlMjAwJTIwMCUyMDAlM0Jwb3NpdGlvbiUzQXJlbGF0aXZlJTNCJTIyJTNFJTNDaWZyYW1lJTIwd2lkdGglM0QlMjIxMDAlMjUlMjIlMjBoZWlnaHQlM0QlMjIxMDAlMjUlMjIlMjBzcmMlM0QlMjJodHRwcyUzQSUyRiUyRmFwcC52aWRlYXMuZnIlMkZlbWJlZCUyRjIzOTIwODFiLWQxYjktNDVmOS05Y2ZjLTBlNDdkNjZkNDQ5ZSUyRiUyMiUyMGZyYW1lYm9yZGVyJTNEJTIyMCUyMiUyMGFsbG93JTNEJTIyYWNjZWxlcm9tZXRlciUzQiUyMGF1dG9wbGF5JTNCJTIwZW5jcnlwdGVkLW1lZGlhJTNCJTIwZ3lyb3Njb3BlJTNCJTIwcGljdHVyZS1pbi1waWN0dXJlJTIyJTIwYWxsb3dmdWxsc2NyZWVuJTNEJTIydHJ1ZSUyMiUyMHN0eWxlJTNEJTIycG9zaXRpb24lM0ElMjBhYnNvbHV0ZSUzQiUyMHRvcCUzQSUyMDAlM0IlMjBsZWZ0JTNBJTIwMCUyMiUzRSUzQyUyRmlmcmFtZSUzRSUzQyUyRmRpdiUzRQ==[\/vc_raw_html][\/vc_column][\/vc_row][vc_row][vc_column][vc_empty_space][vc_empty_space][vc_column_text css=\u00a0\u00bb\u00a0\u00bb]<\/p>\n<p style=\"text-align: center;\"><span style=\"font-size: 18pt; color: #ff0000;\">Vous souhaitez obtenir des conseils personnalis\u00e9s pour lutter contre le mal de dos ?<\/span><\/p>\n<p>[\/vc_column_text][vc_empty_space][vc_empty_space][\/vc_column][\/vc_row][vc_row][vc_column][vc_btn title=\u00a0\u00bbCliquez ici\u00a0\u00bb color=\u00a0\u00bbdanger\u00a0\u00bb size=\u00a0\u00bblg\u00a0\u00bb align=\u00a0\u00bbcenter\u00a0\u00bb css=\u00a0\u00bb\u00a0\u00bb link=\u00a0\u00bburl:https%3A%2F%2Fineditfitness.com%2Fsite%2Fbesoin-de-conseils%2F|target:_blank\u00a0\u00bb][vc_empty_space][vc_empty_space][\/vc_column][\/vc_row]<\/p>\n<\/div>","protected":false},"excerpt":{"rendered":"<p>[vc_row][vc_column][vc_column_text] Mal de dos . . . Le bon traitement, c&rsquo;est le mouvement ! [\/vc_column_text][vc_empty_space][vc_column_text] On l\u2019appelle le \u201cmal du si\u00e8cle\u201d, car si l\u2019on en croit les \u00e9tudes, ce ne sont pas moins de 80 % des fran\u00e7ais qui souffrent ou souffriront du mal de dos au cours de leur vie. L\u2019expression \u201cmal de dos\u201d<\/p>\n","protected":false},"author":3,"featured_media":12925,"comment_status":"open","ping_status":"open","sticky":false,"template":"","format":"standard","meta":{"footnotes":""},"categories":[1],"tags":[],"class_list":["post-12909","post","type-post","status-publish","format-standard","has-post-thumbnail","hentry","category-sans"],"yoast_head":"<!-- This site is optimized with the Yoast SEO plugin v27.4 - https:\/\/yoast.com\/product\/yoast-seo-wordpress\/ -->\n<title>Podcast - Conseils pour lutter contre le mal de dos - INEDIT FITNESS | Chassieu<\/title>\n<meta name=\"robots\" content=\"index, follow, max-snippet:-1, max-image-preview:large, max-video-preview:-1\" \/>\n<link rel=\"canonical\" href=\"https:\/\/ineditfitness.com\/site\/podcast-conseils-pour-lutter-contre-le-mal-de-dos\/\" \/>\n<meta property=\"og:locale\" content=\"fr_FR\" \/>\n<meta property=\"og:type\" content=\"article\" \/>\n<meta property=\"og:title\" content=\"Podcast - Conseils pour lutter contre le mal de dos - INEDIT FITNESS | Chassieu\" \/>\n<meta property=\"og:description\" content=\"[vc_row][vc_column][vc_column_text] Mal de dos . . . Le bon traitement, c&rsquo;est le mouvement ! [\/vc_column_text][vc_empty_space][vc_column_text] On l\u2019appelle le \u201cmal du si\u00e8cle\u201d, car si l\u2019on en croit les \u00e9tudes, ce ne sont pas moins de 80 % des fran\u00e7ais qui souffrent ou souffriront du mal de dos au cours de leur vie. L\u2019expression \u201cmal de dos\u201d\" \/>\n<meta property=\"og:url\" content=\"https:\/\/ineditfitness.com\/site\/podcast-conseils-pour-lutter-contre-le-mal-de-dos\/\" \/>\n<meta property=\"og:site_name\" content=\"INEDIT FITNESS | Chassieu\" \/>\n<meta property=\"article:published_time\" content=\"2022-03-10T11:11:14+00:00\" \/>\n<meta property=\"article:modified_time\" content=\"2024-06-15T10:14:42+00:00\" \/>\n<meta property=\"og:image\" content=\"https:\/\/ineditfitness.com\/site\/wp-content\/uploads\/2022\/03\/INEDIT-FITNESS.png\" \/>\n\t<meta property=\"og:image:width\" content=\"940\" \/>\n\t<meta property=\"og:image:height\" content=\"788\" \/>\n\t<meta property=\"og:image:type\" content=\"image\/png\" \/>\n<meta name=\"author\" content=\"PISK\" \/>\n<meta name=\"twitter:label1\" content=\"\u00c9crit par\" \/>\n\t<meta name=\"twitter:data1\" content=\"PISK\" \/>\n\t<meta name=\"twitter:label2\" content=\"Dur\u00e9e de lecture estim\u00e9e\" \/>\n\t<meta name=\"twitter:data2\" content=\"2 minutes\" \/>\n<script type=\"application\/ld+json\" class=\"yoast-schema-graph\">{\"@context\":\"https:\\\/\\\/schema.org\",\"@graph\":[{\"@type\":\"Article\",\"@id\":\"https:\\\/\\\/ineditfitness.com\\\/site\\\/podcast-conseils-pour-lutter-contre-le-mal-de-dos\\\/#article\",\"isPartOf\":{\"@id\":\"https:\\\/\\\/ineditfitness.com\\\/site\\\/podcast-conseils-pour-lutter-contre-le-mal-de-dos\\\/\"},\"author\":{\"name\":\"PISK\",\"@id\":\"https:\\\/\\\/ineditfitness.com\\\/site\\\/#\\\/schema\\\/person\\\/9d9ee2eec28d681796264261a10ef007\"},\"headline\":\"Podcast &#8211; Conseils pour lutter contre le mal de dos\",\"datePublished\":\"2022-03-10T11:11:14+00:00\",\"dateModified\":\"2024-06-15T10:14:42+00:00\",\"mainEntityOfPage\":{\"@id\":\"https:\\\/\\\/ineditfitness.com\\\/site\\\/podcast-conseils-pour-lutter-contre-le-mal-de-dos\\\/\"},\"wordCount\":310,\"commentCount\":0,\"publisher\":{\"@id\":\"https:\\\/\\\/ineditfitness.com\\\/site\\\/#organization\"},\"image\":{\"@id\":\"https:\\\/\\\/ineditfitness.com\\\/site\\\/podcast-conseils-pour-lutter-contre-le-mal-de-dos\\\/#primaryimage\"},\"thumbnailUrl\":\"https:\\\/\\\/ineditfitness.com\\\/site\\\/wp-content\\\/uploads\\\/2022\\\/03\\\/INEDIT-FITNESS.png\",\"articleSection\":[\"Sans\"],\"inLanguage\":\"fr-FR\",\"potentialAction\":[{\"@type\":\"CommentAction\",\"name\":\"Comment\",\"target\":[\"https:\\\/\\\/ineditfitness.com\\\/site\\\/podcast-conseils-pour-lutter-contre-le-mal-de-dos\\\/#respond\"]}]},{\"@type\":\"WebPage\",\"@id\":\"https:\\\/\\\/ineditfitness.com\\\/site\\\/podcast-conseils-pour-lutter-contre-le-mal-de-dos\\\/\",\"url\":\"https:\\\/\\\/ineditfitness.com\\\/site\\\/podcast-conseils-pour-lutter-contre-le-mal-de-dos\\\/\",\"name\":\"Podcast - Conseils pour lutter contre le mal de dos - INEDIT FITNESS | Chassieu\",\"isPartOf\":{\"@id\":\"https:\\\/\\\/ineditfitness.com\\\/site\\\/#website\"},\"primaryImageOfPage\":{\"@id\":\"https:\\\/\\\/ineditfitness.com\\\/site\\\/podcast-conseils-pour-lutter-contre-le-mal-de-dos\\\/#primaryimage\"},\"image\":{\"@id\":\"https:\\\/\\\/ineditfitness.com\\\/site\\\/podcast-conseils-pour-lutter-contre-le-mal-de-dos\\\/#primaryimage\"},\"thumbnailUrl\":\"https:\\\/\\\/ineditfitness.com\\\/site\\\/wp-content\\\/uploads\\\/2022\\\/03\\\/INEDIT-FITNESS.png\",\"datePublished\":\"2022-03-10T11:11:14+00:00\",\"dateModified\":\"2024-06-15T10:14:42+00:00\",\"breadcrumb\":{\"@id\":\"https:\\\/\\\/ineditfitness.com\\\/site\\\/podcast-conseils-pour-lutter-contre-le-mal-de-dos\\\/#breadcrumb\"},\"inLanguage\":\"fr-FR\",\"potentialAction\":[{\"@type\":\"ReadAction\",\"target\":[\"https:\\\/\\\/ineditfitness.com\\\/site\\\/podcast-conseils-pour-lutter-contre-le-mal-de-dos\\\/\"]}]},{\"@type\":\"ImageObject\",\"inLanguage\":\"fr-FR\",\"@id\":\"https:\\\/\\\/ineditfitness.com\\\/site\\\/podcast-conseils-pour-lutter-contre-le-mal-de-dos\\\/#primaryimage\",\"url\":\"https:\\\/\\\/ineditfitness.com\\\/site\\\/wp-content\\\/uploads\\\/2022\\\/03\\\/INEDIT-FITNESS.png\",\"contentUrl\":\"https:\\\/\\\/ineditfitness.com\\\/site\\\/wp-content\\\/uploads\\\/2022\\\/03\\\/INEDIT-FITNESS.png\",\"width\":940,\"height\":788},{\"@type\":\"BreadcrumbList\",\"@id\":\"https:\\\/\\\/ineditfitness.com\\\/site\\\/podcast-conseils-pour-lutter-contre-le-mal-de-dos\\\/#breadcrumb\",\"itemListElement\":[{\"@type\":\"ListItem\",\"position\":1,\"name\":\"Accueil\",\"item\":\"https:\\\/\\\/ineditfitness.com\\\/site\\\/\"},{\"@type\":\"ListItem\",\"position\":2,\"name\":\"Podcast &#8211; Conseils pour lutter contre le mal de dos\"}]},{\"@type\":\"WebSite\",\"@id\":\"https:\\\/\\\/ineditfitness.com\\\/site\\\/#website\",\"url\":\"https:\\\/\\\/ineditfitness.com\\\/site\\\/\",\"name\":\"INEDIT FITNESS | Chassieu\",\"description\":\"Vous \u00eates unique, notre coaching aussi - Salle de Sport - Fitness - Stretching - Pilates - Training - Cardio - Marche Nordique - Coaching Individuel - Small groupe\",\"publisher\":{\"@id\":\"https:\\\/\\\/ineditfitness.com\\\/site\\\/#organization\"},\"potentialAction\":[{\"@type\":\"SearchAction\",\"target\":{\"@type\":\"EntryPoint\",\"urlTemplate\":\"https:\\\/\\\/ineditfitness.com\\\/site\\\/?s={search_term_string}\"},\"query-input\":{\"@type\":\"PropertyValueSpecification\",\"valueRequired\":true,\"valueName\":\"search_term_string\"}}],\"inLanguage\":\"fr-FR\"},{\"@type\":\"Organization\",\"@id\":\"https:\\\/\\\/ineditfitness.com\\\/site\\\/#organization\",\"name\":\"INEDIT FITNESS\",\"url\":\"https:\\\/\\\/ineditfitness.com\\\/site\\\/\",\"logo\":{\"@type\":\"ImageObject\",\"inLanguage\":\"fr-FR\",\"@id\":\"https:\\\/\\\/ineditfitness.com\\\/site\\\/#\\\/schema\\\/logo\\\/image\\\/\",\"url\":\"https:\\\/\\\/ineditfitness.com\\\/site\\\/wp-content\\\/uploads\\\/2014\\\/12\\\/studio_inedit_fitness_logo_site.png\",\"contentUrl\":\"https:\\\/\\\/ineditfitness.com\\\/site\\\/wp-content\\\/uploads\\\/2014\\\/12\\\/studio_inedit_fitness_logo_site.png\",\"width\":600,\"height\":210,\"caption\":\"INEDIT FITNESS\"},\"image\":{\"@id\":\"https:\\\/\\\/ineditfitness.com\\\/site\\\/#\\\/schema\\\/logo\\\/image\\\/\"}},{\"@type\":\"Person\",\"@id\":\"https:\\\/\\\/ineditfitness.com\\\/site\\\/#\\\/schema\\\/person\\\/9d9ee2eec28d681796264261a10ef007\",\"name\":\"PISK\",\"image\":{\"@type\":\"ImageObject\",\"inLanguage\":\"fr-FR\",\"@id\":\"https:\\\/\\\/secure.gravatar.com\\\/avatar\\\/10fd830c47f359563c208ec7a2832c91c1957fe839b190df787fbcaf5e7f9bd2?s=96&d=mm&r=g\",\"url\":\"https:\\\/\\\/secure.gravatar.com\\\/avatar\\\/10fd830c47f359563c208ec7a2832c91c1957fe839b190df787fbcaf5e7f9bd2?s=96&d=mm&r=g\",\"contentUrl\":\"https:\\\/\\\/secure.gravatar.com\\\/avatar\\\/10fd830c47f359563c208ec7a2832c91c1957fe839b190df787fbcaf5e7f9bd2?s=96&d=mm&r=g\",\"caption\":\"PISK\"},\"sameAs\":[\"http:\\\/\\\/www.ineditfitness.com\"]}]}<\/script>\n<!-- \/ Yoast SEO plugin. -->","yoast_head_json":{"title":"Podcast - Conseils pour lutter contre le mal de dos - INEDIT FITNESS | Chassieu","robots":{"index":"index","follow":"follow","max-snippet":"max-snippet:-1","max-image-preview":"max-image-preview:large","max-video-preview":"max-video-preview:-1"},"canonical":"https:\/\/ineditfitness.com\/site\/podcast-conseils-pour-lutter-contre-le-mal-de-dos\/","og_locale":"fr_FR","og_type":"article","og_title":"Podcast - Conseils pour lutter contre le mal de dos - INEDIT FITNESS | Chassieu","og_description":"[vc_row][vc_column][vc_column_text] Mal de dos . . . Le bon traitement, c&rsquo;est le mouvement ! [\/vc_column_text][vc_empty_space][vc_column_text] On l\u2019appelle le \u201cmal du si\u00e8cle\u201d, car si l\u2019on en croit les \u00e9tudes, ce ne sont pas moins de 80 % des fran\u00e7ais qui souffrent ou souffriront du mal de dos au cours de leur vie. L\u2019expression \u201cmal de dos\u201d","og_url":"https:\/\/ineditfitness.com\/site\/podcast-conseils-pour-lutter-contre-le-mal-de-dos\/","og_site_name":"INEDIT FITNESS | Chassieu","article_published_time":"2022-03-10T11:11:14+00:00","article_modified_time":"2024-06-15T10:14:42+00:00","og_image":[{"width":940,"height":788,"url":"https:\/\/ineditfitness.com\/site\/wp-content\/uploads\/2022\/03\/INEDIT-FITNESS.png","type":"image\/png"}],"author":"PISK","twitter_misc":{"\u00c9crit par":"PISK","Dur\u00e9e de lecture estim\u00e9e":"2 minutes"},"schema":{"@context":"https:\/\/schema.org","@graph":[{"@type":"Article","@id":"https:\/\/ineditfitness.com\/site\/podcast-conseils-pour-lutter-contre-le-mal-de-dos\/#article","isPartOf":{"@id":"https:\/\/ineditfitness.com\/site\/podcast-conseils-pour-lutter-contre-le-mal-de-dos\/"},"author":{"name":"PISK","@id":"https:\/\/ineditfitness.com\/site\/#\/schema\/person\/9d9ee2eec28d681796264261a10ef007"},"headline":"Podcast &#8211; Conseils pour lutter contre le mal de dos","datePublished":"2022-03-10T11:11:14+00:00","dateModified":"2024-06-15T10:14:42+00:00","mainEntityOfPage":{"@id":"https:\/\/ineditfitness.com\/site\/podcast-conseils-pour-lutter-contre-le-mal-de-dos\/"},"wordCount":310,"commentCount":0,"publisher":{"@id":"https:\/\/ineditfitness.com\/site\/#organization"},"image":{"@id":"https:\/\/ineditfitness.com\/site\/podcast-conseils-pour-lutter-contre-le-mal-de-dos\/#primaryimage"},"thumbnailUrl":"https:\/\/ineditfitness.com\/site\/wp-content\/uploads\/2022\/03\/INEDIT-FITNESS.png","articleSection":["Sans"],"inLanguage":"fr-FR","potentialAction":[{"@type":"CommentAction","name":"Comment","target":["https:\/\/ineditfitness.com\/site\/podcast-conseils-pour-lutter-contre-le-mal-de-dos\/#respond"]}]},{"@type":"WebPage","@id":"https:\/\/ineditfitness.com\/site\/podcast-conseils-pour-lutter-contre-le-mal-de-dos\/","url":"https:\/\/ineditfitness.com\/site\/podcast-conseils-pour-lutter-contre-le-mal-de-dos\/","name":"Podcast - Conseils pour lutter contre le mal de dos - INEDIT FITNESS | Chassieu","isPartOf":{"@id":"https:\/\/ineditfitness.com\/site\/#website"},"primaryImageOfPage":{"@id":"https:\/\/ineditfitness.com\/site\/podcast-conseils-pour-lutter-contre-le-mal-de-dos\/#primaryimage"},"image":{"@id":"https:\/\/ineditfitness.com\/site\/podcast-conseils-pour-lutter-contre-le-mal-de-dos\/#primaryimage"},"thumbnailUrl":"https:\/\/ineditfitness.com\/site\/wp-content\/uploads\/2022\/03\/INEDIT-FITNESS.png","datePublished":"2022-03-10T11:11:14+00:00","dateModified":"2024-06-15T10:14:42+00:00","breadcrumb":{"@id":"https:\/\/ineditfitness.com\/site\/podcast-conseils-pour-lutter-contre-le-mal-de-dos\/#breadcrumb"},"inLanguage":"fr-FR","potentialAction":[{"@type":"ReadAction","target":["https:\/\/ineditfitness.com\/site\/podcast-conseils-pour-lutter-contre-le-mal-de-dos\/"]}]},{"@type":"ImageObject","inLanguage":"fr-FR","@id":"https:\/\/ineditfitness.com\/site\/podcast-conseils-pour-lutter-contre-le-mal-de-dos\/#primaryimage","url":"https:\/\/ineditfitness.com\/site\/wp-content\/uploads\/2022\/03\/INEDIT-FITNESS.png","contentUrl":"https:\/\/ineditfitness.com\/site\/wp-content\/uploads\/2022\/03\/INEDIT-FITNESS.png","width":940,"height":788},{"@type":"BreadcrumbList","@id":"https:\/\/ineditfitness.com\/site\/podcast-conseils-pour-lutter-contre-le-mal-de-dos\/#breadcrumb","itemListElement":[{"@type":"ListItem","position":1,"name":"Accueil","item":"https:\/\/ineditfitness.com\/site\/"},{"@type":"ListItem","position":2,"name":"Podcast &#8211; Conseils pour lutter contre le mal de dos"}]},{"@type":"WebSite","@id":"https:\/\/ineditfitness.com\/site\/#website","url":"https:\/\/ineditfitness.com\/site\/","name":"INEDIT FITNESS | Chassieu","description":"Vous \u00eates unique, notre coaching aussi - Salle de Sport - Fitness - Stretching - Pilates - Training - Cardio - Marche Nordique - Coaching Individuel - Small groupe","publisher":{"@id":"https:\/\/ineditfitness.com\/site\/#organization"},"potentialAction":[{"@type":"SearchAction","target":{"@type":"EntryPoint","urlTemplate":"https:\/\/ineditfitness.com\/site\/?s={search_term_string}"},"query-input":{"@type":"PropertyValueSpecification","valueRequired":true,"valueName":"search_term_string"}}],"inLanguage":"fr-FR"},{"@type":"Organization","@id":"https:\/\/ineditfitness.com\/site\/#organization","name":"INEDIT FITNESS","url":"https:\/\/ineditfitness.com\/site\/","logo":{"@type":"ImageObject","inLanguage":"fr-FR","@id":"https:\/\/ineditfitness.com\/site\/#\/schema\/logo\/image\/","url":"https:\/\/ineditfitness.com\/site\/wp-content\/uploads\/2014\/12\/studio_inedit_fitness_logo_site.png","contentUrl":"https:\/\/ineditfitness.com\/site\/wp-content\/uploads\/2014\/12\/studio_inedit_fitness_logo_site.png","width":600,"height":210,"caption":"INEDIT FITNESS"},"image":{"@id":"https:\/\/ineditfitness.com\/site\/#\/schema\/logo\/image\/"}},{"@type":"Person","@id":"https:\/\/ineditfitness.com\/site\/#\/schema\/person\/9d9ee2eec28d681796264261a10ef007","name":"PISK","image":{"@type":"ImageObject","inLanguage":"fr-FR","@id":"https:\/\/secure.gravatar.com\/avatar\/10fd830c47f359563c208ec7a2832c91c1957fe839b190df787fbcaf5e7f9bd2?s=96&d=mm&r=g","url":"https:\/\/secure.gravatar.com\/avatar\/10fd830c47f359563c208ec7a2832c91c1957fe839b190df787fbcaf5e7f9bd2?s=96&d=mm&r=g","contentUrl":"https:\/\/secure.gravatar.com\/avatar\/10fd830c47f359563c208ec7a2832c91c1957fe839b190df787fbcaf5e7f9bd2?s=96&d=mm&r=g","caption":"PISK"},"sameAs":["http:\/\/www.ineditfitness.com"]}]}},"_links":{"self":[{"href":"https:\/\/ineditfitness.com\/site\/wp-json\/wp\/v2\/posts\/12909","targetHints":{"allow":["GET"]}}],"collection":[{"href":"https:\/\/ineditfitness.com\/site\/wp-json\/wp\/v2\/posts"}],"about":[{"href":"https:\/\/ineditfitness.com\/site\/wp-json\/wp\/v2\/types\/post"}],"author":[{"embeddable":true,"href":"https:\/\/ineditfitness.com\/site\/wp-json\/wp\/v2\/users\/3"}],"replies":[{"embeddable":true,"href":"https:\/\/ineditfitness.com\/site\/wp-json\/wp\/v2\/comments?post=12909"}],"version-history":[{"count":2,"href":"https:\/\/ineditfitness.com\/site\/wp-json\/wp\/v2\/posts\/12909\/revisions"}],"predecessor-version":[{"id":13538,"href":"https:\/\/ineditfitness.com\/site\/wp-json\/wp\/v2\/posts\/12909\/revisions\/13538"}],"wp:featuredmedia":[{"embeddable":true,"href":"https:\/\/ineditfitness.com\/site\/wp-json\/wp\/v2\/media\/12925"}],"wp:attachment":[{"href":"https:\/\/ineditfitness.com\/site\/wp-json\/wp\/v2\/media?parent=12909"}],"wp:term":[{"taxonomy":"category","embeddable":true,"href":"https:\/\/ineditfitness.com\/site\/wp-json\/wp\/v2\/categories?post=12909"},{"taxonomy":"post_tag","embeddable":true,"href":"https:\/\/ineditfitness.com\/site\/wp-json\/wp\/v2\/tags?post=12909"}],"curies":[{"name":"wp","href":"https:\/\/api.w.org\/{rel}","templated":true}]}}