{"id":12565,"date":"2021-09-24T10:28:58","date_gmt":"2021-09-24T08:28:58","guid":{"rendered":"https:\/\/ineditfitness.com\/site\/?p=12565"},"modified":"2021-09-24T20:05:03","modified_gmt":"2021-09-24T18:05:03","slug":"evenement-randonnee-dans-le-haut-bugey","status":"publish","type":"post","link":"https:\/\/ineditfitness.com\/site\/evenement-randonnee-dans-le-haut-bugey\/","title":{"rendered":"Ev\u00e8nement &#8211; Randonn\u00e9e dans le Haut Bugey"},"content":{"rendered":"<div class=\"wpb-content-wrapper\"><p>[vc_row][vc_column][vc_column_text]<\/p>\n<h2 style=\"text-align: center;\"><span style=\"font-size: 24pt; color: #ff0000;\">Samedi 23 octobre 2021<\/span><\/h2>\n<p>[\/vc_column_text][vc_empty_space][\/vc_column][\/vc_row][vc_row][vc_column][vc_column_text]<\/p>\n<p style=\"text-align: center;\"><span style=\"font-size: 24pt;\">Une journ\u00e9e \u00ab\u00a0d\u00e9tente\u00a0\u00bb dans le haut Bugey , \u00e0 1H15 de Chassieu.<\/span><\/p>\n<p style=\"text-align: center;\"><span style=\"font-size: 24pt;\"> Avec l&rsquo;\u00e9quipe d&rsquo;In\u00e9dit Fitness !<\/span><\/p>\n<p>[\/vc_column_text][vc_empty_space][vc_images_carousel images=\u00a0\u00bb12567,12568&Prime; img_size=\u00a0\u00bblarge\u00a0\u00bb][vc_empty_space][vc_empty_space][\/vc_column][\/vc_row][vc_row][vc_column width=\u00a0\u00bb1\/2&Prime;][vc_single_image image=\u00a0\u00bb12574&Prime; img_size=\u00a0\u00bblarge\u00a0\u00bb alignment=\u00a0\u00bbcenter\u00a0\u00bb onclick=\u00a0\u00bbimg_link_large\u00a0\u00bb img_link_target=\u00a0\u00bb_blank\u00a0\u00bb][\/vc_column][vc_column width=\u00a0\u00bb1\/2&Prime;][vc_empty_space][vc_empty_space][vc_empty_space][vc_empty_space][vc_column_text]<\/p>\n<p style=\"text-align: center;\"><strong><span style=\"font-size: 18pt;\">David, coach sportif, vous propose une journ\u00e9e \u00ab\u00a0d\u00e9tente\u00a0\u00bb<\/span><\/strong><\/p>\n<p>[\/vc_column_text][vc_empty_space][vc_column_text]<\/p>\n<p style=\"text-align: center;\"><span style=\"text-decoration: underline;\"><span style=\"font-size: 14pt;\">Le programme : <\/span><\/span><\/p>\n<p style=\"text-align: center;\"><span style=\"font-size: 14pt;\">Rendez-vous au G\u00eete de la belette<\/span><\/p>\n<p style=\"text-align: center;\"><span style=\"font-size: 14pt;\">Petit d\u00e9jeuner d&rsquo;accueil de 8h30 \u00e0 9h15 <\/span><\/p>\n<p style=\"text-align: center;\"><span style=\"font-size: 14pt;\">Randonn\u00e9e de 13Km avec 400 m de d\u00e9nivel\u00e9 +\u00a0 (3H) <\/span><\/p>\n<p style=\"text-align: center;\"><span style=\"font-size: 14pt;\">Retour au g\u00eete pour un repas chaud <\/span><\/p>\n<p style=\"text-align: center;\"><span style=\"font-size: 14pt;\">Possibilit\u00e9 de faire un sauna apr\u00e8s manger<\/span><\/p>\n<p>[\/vc_column_text][vc_empty_space][vc_column_text]<\/p>\n<p style=\"text-align: center;\"><strong><span style=\"font-size: 18pt;\">45 euros par personne tout inclus<\/span><\/strong><\/p>\n<p>[\/vc_column_text][\/vc_column][\/vc_row][vc_row][vc_column][vc_empty_space][vc_empty_space][vc_column_text]<\/p>\n<h3 style=\"text-align: center;\"><span style=\"font-size: 18pt; color: #ff0000;\">A qui s&rsquo;adresse cet \u00e9v\u00e8nement ?<\/span><\/h3>\n<p>[\/vc_column_text][vc_empty_space][vc_column_text]<\/p>\n<p style=\"text-align: center;\"><span style=\"font-size: 14pt;\">ACCESSIBLE A TOUS<\/span><\/p>\n<p style=\"text-align: center;\"><span style=\"font-size: 14pt;\">Vous souhaitez une journ\u00e9e de \u00ab\u00a0d\u00e9tente\u00a0\u00bb ? Vous avez envie de d\u00e9couvrir de nouveaux paysages ? Vous avez besoin d&rsquo;\u00e9changer \/ partager ?<\/span><\/p>\n<p style=\"text-align: center;\"><span style=\"font-size: 14pt;\">Cet \u00e9v\u00e8nement est fait pour vous !<\/span><\/p>\n<p style=\"text-align: center;\"><span style=\"font-size: 14pt;\">Vous pouvez venir accompagn\u00e9 de votre conjoint(e)<\/span><\/p>\n<p>[\/vc_column_text][vc_empty_space][vc_empty_space][\/vc_column][\/vc_row][vc_row][vc_column][vc_column_text]<\/p>\n<h3 style=\"text-align: center;\"><span style=\"font-size: 18pt; color: #ff0000;\">Comment r\u00e9server ?<\/span><\/h3>\n<p>[\/vc_column_text][vc_empty_space][vc_column_text]<\/p>\n<p style=\"text-align: center;\"><span style=\"font-size: 14pt;\">La r\u00e9servation est obligatoire avant le 18 octobre, le nombre de participants est limit\u00e9.\u00a0<\/span><\/p>\n<p>[\/vc_column_text][vc_empty_space][vc_btn title=\u00a0\u00bbContactez-nous pour r\u00e9server\u00a0\u00bb color=\u00a0\u00bbdanger\u00a0\u00bb size=\u00a0\u00bblg\u00a0\u00bb align=\u00a0\u00bbcenter\u00a0\u00bb link=\u00a0\u00bburl:https%3A%2F%2Fineditfitness.com%2Fsite%2Fcontact%2F|target:_blank\u00a0\u00bb][vc_empty_space][vc_empty_space][\/vc_column][\/vc_row][vc_row][vc_column][vc_column_text]<\/p>\n<h3 style=\"text-align: center;\"><span style=\"font-size: 18pt; color: #ff0000;\">Vous avez des questions ?<\/span><\/h3>\n<p>[\/vc_column_text][vc_empty_space][vc_column_text]<\/p>\n<p style=\"text-align: center;\"><span style=\"font-size: 14pt;\">Contactez nous, on vous r\u00e9pondra, <a href=\"https:\/\/ineditfitness.com\/site\/contact\/\" target=\"_blank\" rel=\"noopener\">cliquez ici<\/a><\/span><\/p>\n<p>[\/vc_column_text][vc_empty_space][vc_empty_space][\/vc_column][\/vc_row][vc_row][vc_column][vc_column_text]<\/p>\n<p style=\"text-align: center;\"><span style=\"font-size: 24pt; color: #000000;\">Durant une journ\u00e9e . . . Laissez-vous guider !<\/span><\/p>\n<p>[\/vc_column_text][vc_empty_space][vc_single_image image=\u00a0\u00bb12569&Prime; img_size=\u00a0\u00bblarge\u00a0\u00bb alignment=\u00a0\u00bbcenter\u00a0\u00bb][vc_empty_space][\/vc_column][\/vc_row][vc_row][vc_column][vc_empty_space][vc_empty_space][\/vc_column][\/vc_row]<\/p>\n<\/div>","protected":false},"excerpt":{"rendered":"<p>[vc_row][vc_column][vc_column_text] Samedi 23 octobre 2021 [\/vc_column_text][vc_empty_space][\/vc_column][\/vc_row][vc_row][vc_column][vc_column_text] Une journ\u00e9e \u00ab\u00a0d\u00e9tente\u00a0\u00bb dans le haut Bugey , \u00e0 1H15 de Chassieu. Avec l&rsquo;\u00e9quipe d&rsquo;In\u00e9dit Fitness ! [\/vc_column_text][vc_empty_space][vc_images_carousel images=\u00a0\u00bb12567,12568&Prime; img_size=\u00a0\u00bblarge\u00a0\u00bb][vc_empty_space][vc_empty_space][\/vc_column][\/vc_row][vc_row][vc_column width=\u00a0\u00bb1\/2&Prime;][vc_single_image image=\u00a0\u00bb12574&Prime; img_size=\u00a0\u00bblarge\u00a0\u00bb alignment=\u00a0\u00bbcenter\u00a0\u00bb onclick=\u00a0\u00bbimg_link_large\u00a0\u00bb img_link_target=\u00a0\u00bb_blank\u00a0\u00bb][\/vc_column][vc_column width=\u00a0\u00bb1\/2&Prime;][vc_empty_space][vc_empty_space][vc_empty_space][vc_empty_space][vc_column_text] David, coach sportif, vous propose une journ\u00e9e \u00ab\u00a0d\u00e9tente\u00a0\u00bb [\/vc_column_text][vc_empty_space][vc_column_text] Le programme : Rendez-vous au G\u00eete de la belette Petit d\u00e9jeuner d&rsquo;accueil de<\/p>\n","protected":false},"author":3,"featured_media":12579,"comment_status":"open","ping_status":"open","sticky":false,"template":"","format":"standard","meta":{"footnotes":""},"categories":[1],"tags":[],"class_list":["post-12565","post","type-post","status-publish","format-standard","has-post-thumbnail","hentry","category-sans"],"yoast_head":"<!-- This site is optimized with the Yoast SEO plugin v27.4 - https:\/\/yoast.com\/product\/yoast-seo-wordpress\/ -->\n<title>Ev\u00e8nement - Randonn\u00e9e dans le Haut Bugey - INEDIT FITNESS | Chassieu<\/title>\n<meta name=\"robots\" content=\"index, follow, max-snippet:-1, max-image-preview:large, max-video-preview:-1\" \/>\n<link rel=\"canonical\" href=\"https:\/\/ineditfitness.com\/site\/evenement-randonnee-dans-le-haut-bugey\/\" \/>\n<meta property=\"og:locale\" content=\"fr_FR\" \/>\n<meta property=\"og:type\" content=\"article\" \/>\n<meta property=\"og:title\" content=\"Ev\u00e8nement - Randonn\u00e9e dans le Haut Bugey - INEDIT FITNESS | Chassieu\" \/>\n<meta property=\"og:description\" content=\"[vc_row][vc_column][vc_column_text] Samedi 23 octobre 2021 [\/vc_column_text][vc_empty_space][\/vc_column][\/vc_row][vc_row][vc_column][vc_column_text] Une journ\u00e9e \u00ab\u00a0d\u00e9tente\u00a0\u00bb dans le haut Bugey , \u00e0 1H15 de Chassieu. Avec l&rsquo;\u00e9quipe d&rsquo;In\u00e9dit Fitness ! [\/vc_column_text][vc_empty_space][vc_images_carousel images=\u00a0\u00bb12567,12568&Prime; img_size=\u00a0\u00bblarge\u00a0\u00bb][vc_empty_space][vc_empty_space][\/vc_column][\/vc_row][vc_row][vc_column width=\u00a0\u00bb1\/2&Prime;][vc_single_image image=\u00a0\u00bb12574&Prime; img_size=\u00a0\u00bblarge\u00a0\u00bb alignment=\u00a0\u00bbcenter\u00a0\u00bb onclick=\u00a0\u00bbimg_link_large\u00a0\u00bb img_link_target=\u00a0\u00bb_blank\u00a0\u00bb][\/vc_column][vc_column width=\u00a0\u00bb1\/2&Prime;][vc_empty_space][vc_empty_space][vc_empty_space][vc_empty_space][vc_column_text] David, coach sportif, vous propose une journ\u00e9e \u00ab\u00a0d\u00e9tente\u00a0\u00bb [\/vc_column_text][vc_empty_space][vc_column_text] Le programme : Rendez-vous au G\u00eete de la belette Petit d\u00e9jeuner d&rsquo;accueil de\" \/>\n<meta property=\"og:url\" content=\"https:\/\/ineditfitness.com\/site\/evenement-randonnee-dans-le-haut-bugey\/\" \/>\n<meta property=\"og:site_name\" content=\"INEDIT FITNESS | Chassieu\" \/>\n<meta property=\"article:published_time\" content=\"2021-09-24T08:28:58+00:00\" \/>\n<meta property=\"article:modified_time\" content=\"2021-09-24T18:05:03+00:00\" \/>\n<meta property=\"og:image\" content=\"https:\/\/ineditfitness.com\/site\/wp-content\/uploads\/2021\/09\/Lachez-prise-42.jpg\" \/>\n\t<meta property=\"og:image:width\" content=\"940\" \/>\n\t<meta property=\"og:image:height\" content=\"788\" \/>\n\t<meta property=\"og:image:type\" content=\"image\/jpeg\" \/>\n<meta name=\"author\" content=\"PISK\" \/>\n<meta name=\"twitter:label1\" content=\"\u00c9crit par\" \/>\n\t<meta name=\"twitter:data1\" content=\"PISK\" \/>\n\t<meta name=\"twitter:label2\" content=\"Dur\u00e9e de lecture estim\u00e9e\" \/>\n\t<meta name=\"twitter:data2\" content=\"1 minute\" \/>\n<script type=\"application\/ld+json\" class=\"yoast-schema-graph\">{\"@context\":\"https:\\\/\\\/schema.org\",\"@graph\":[{\"@type\":\"Article\",\"@id\":\"https:\\\/\\\/ineditfitness.com\\\/site\\\/evenement-randonnee-dans-le-haut-bugey\\\/#article\",\"isPartOf\":{\"@id\":\"https:\\\/\\\/ineditfitness.com\\\/site\\\/evenement-randonnee-dans-le-haut-bugey\\\/\"},\"author\":{\"name\":\"PISK\",\"@id\":\"https:\\\/\\\/ineditfitness.com\\\/site\\\/#\\\/schema\\\/person\\\/9d9ee2eec28d681796264261a10ef007\"},\"headline\":\"Ev\u00e8nement &#8211; Randonn\u00e9e dans le Haut Bugey\",\"datePublished\":\"2021-09-24T08:28:58+00:00\",\"dateModified\":\"2021-09-24T18:05:03+00:00\",\"mainEntityOfPage\":{\"@id\":\"https:\\\/\\\/ineditfitness.com\\\/site\\\/evenement-randonnee-dans-le-haut-bugey\\\/\"},\"wordCount\":449,\"commentCount\":0,\"publisher\":{\"@id\":\"https:\\\/\\\/ineditfitness.com\\\/site\\\/#organization\"},\"image\":{\"@id\":\"https:\\\/\\\/ineditfitness.com\\\/site\\\/evenement-randonnee-dans-le-haut-bugey\\\/#primaryimage\"},\"thumbnailUrl\":\"https:\\\/\\\/ineditfitness.com\\\/site\\\/wp-content\\\/uploads\\\/2021\\\/09\\\/Lachez-prise-42.jpg\",\"articleSection\":[\"Sans\"],\"inLanguage\":\"fr-FR\",\"potentialAction\":[{\"@type\":\"CommentAction\",\"name\":\"Comment\",\"target\":[\"https:\\\/\\\/ineditfitness.com\\\/site\\\/evenement-randonnee-dans-le-haut-bugey\\\/#respond\"]}]},{\"@type\":\"WebPage\",\"@id\":\"https:\\\/\\\/ineditfitness.com\\\/site\\\/evenement-randonnee-dans-le-haut-bugey\\\/\",\"url\":\"https:\\\/\\\/ineditfitness.com\\\/site\\\/evenement-randonnee-dans-le-haut-bugey\\\/\",\"name\":\"Ev\u00e8nement - Randonn\u00e9e dans le Haut Bugey - INEDIT FITNESS | Chassieu\",\"isPartOf\":{\"@id\":\"https:\\\/\\\/ineditfitness.com\\\/site\\\/#website\"},\"primaryImageOfPage\":{\"@id\":\"https:\\\/\\\/ineditfitness.com\\\/site\\\/evenement-randonnee-dans-le-haut-bugey\\\/#primaryimage\"},\"image\":{\"@id\":\"https:\\\/\\\/ineditfitness.com\\\/site\\\/evenement-randonnee-dans-le-haut-bugey\\\/#primaryimage\"},\"thumbnailUrl\":\"https:\\\/\\\/ineditfitness.com\\\/site\\\/wp-content\\\/uploads\\\/2021\\\/09\\\/Lachez-prise-42.jpg\",\"datePublished\":\"2021-09-24T08:28:58+00:00\",\"dateModified\":\"2021-09-24T18:05:03+00:00\",\"breadcrumb\":{\"@id\":\"https:\\\/\\\/ineditfitness.com\\\/site\\\/evenement-randonnee-dans-le-haut-bugey\\\/#breadcrumb\"},\"inLanguage\":\"fr-FR\",\"potentialAction\":[{\"@type\":\"ReadAction\",\"target\":[\"https:\\\/\\\/ineditfitness.com\\\/site\\\/evenement-randonnee-dans-le-haut-bugey\\\/\"]}]},{\"@type\":\"ImageObject\",\"inLanguage\":\"fr-FR\",\"@id\":\"https:\\\/\\\/ineditfitness.com\\\/site\\\/evenement-randonnee-dans-le-haut-bugey\\\/#primaryimage\",\"url\":\"https:\\\/\\\/ineditfitness.com\\\/site\\\/wp-content\\\/uploads\\\/2021\\\/09\\\/Lachez-prise-42.jpg\",\"contentUrl\":\"https:\\\/\\\/ineditfitness.com\\\/site\\\/wp-content\\\/uploads\\\/2021\\\/09\\\/Lachez-prise-42.jpg\",\"width\":940,\"height\":788,\"caption\":\"EVENEMENT RANDONNEE INEDIT FITNESS\"},{\"@type\":\"BreadcrumbList\",\"@id\":\"https:\\\/\\\/ineditfitness.com\\\/site\\\/evenement-randonnee-dans-le-haut-bugey\\\/#breadcrumb\",\"itemListElement\":[{\"@type\":\"ListItem\",\"position\":1,\"name\":\"Accueil\",\"item\":\"https:\\\/\\\/ineditfitness.com\\\/site\\\/\"},{\"@type\":\"ListItem\",\"position\":2,\"name\":\"Ev\u00e8nement &#8211; Randonn\u00e9e dans le Haut Bugey\"}]},{\"@type\":\"WebSite\",\"@id\":\"https:\\\/\\\/ineditfitness.com\\\/site\\\/#website\",\"url\":\"https:\\\/\\\/ineditfitness.com\\\/site\\\/\",\"name\":\"INEDIT FITNESS | Chassieu\",\"description\":\"Vous \u00eates unique, notre coaching aussi - Salle de Sport - Fitness - Stretching - Pilates - Training - Cardio - Marche Nordique - Coaching Individuel - Small groupe\",\"publisher\":{\"@id\":\"https:\\\/\\\/ineditfitness.com\\\/site\\\/#organization\"},\"potentialAction\":[{\"@type\":\"SearchAction\",\"target\":{\"@type\":\"EntryPoint\",\"urlTemplate\":\"https:\\\/\\\/ineditfitness.com\\\/site\\\/?s={search_term_string}\"},\"query-input\":{\"@type\":\"PropertyValueSpecification\",\"valueRequired\":true,\"valueName\":\"search_term_string\"}}],\"inLanguage\":\"fr-FR\"},{\"@type\":\"Organization\",\"@id\":\"https:\\\/\\\/ineditfitness.com\\\/site\\\/#organization\",\"name\":\"INEDIT FITNESS\",\"url\":\"https:\\\/\\\/ineditfitness.com\\\/site\\\/\",\"logo\":{\"@type\":\"ImageObject\",\"inLanguage\":\"fr-FR\",\"@id\":\"https:\\\/\\\/ineditfitness.com\\\/site\\\/#\\\/schema\\\/logo\\\/image\\\/\",\"url\":\"https:\\\/\\\/ineditfitness.com\\\/site\\\/wp-content\\\/uploads\\\/2014\\\/12\\\/studio_inedit_fitness_logo_site.png\",\"contentUrl\":\"https:\\\/\\\/ineditfitness.com\\\/site\\\/wp-content\\\/uploads\\\/2014\\\/12\\\/studio_inedit_fitness_logo_site.png\",\"width\":600,\"height\":210,\"caption\":\"INEDIT FITNESS\"},\"image\":{\"@id\":\"https:\\\/\\\/ineditfitness.com\\\/site\\\/#\\\/schema\\\/logo\\\/image\\\/\"}},{\"@type\":\"Person\",\"@id\":\"https:\\\/\\\/ineditfitness.com\\\/site\\\/#\\\/schema\\\/person\\\/9d9ee2eec28d681796264261a10ef007\",\"name\":\"PISK\",\"image\":{\"@type\":\"ImageObject\",\"inLanguage\":\"fr-FR\",\"@id\":\"https:\\\/\\\/secure.gravatar.com\\\/avatar\\\/10fd830c47f359563c208ec7a2832c91c1957fe839b190df787fbcaf5e7f9bd2?s=96&d=mm&r=g\",\"url\":\"https:\\\/\\\/secure.gravatar.com\\\/avatar\\\/10fd830c47f359563c208ec7a2832c91c1957fe839b190df787fbcaf5e7f9bd2?s=96&d=mm&r=g\",\"contentUrl\":\"https:\\\/\\\/secure.gravatar.com\\\/avatar\\\/10fd830c47f359563c208ec7a2832c91c1957fe839b190df787fbcaf5e7f9bd2?s=96&d=mm&r=g\",\"caption\":\"PISK\"},\"sameAs\":[\"http:\\\/\\\/www.ineditfitness.com\"]}]}<\/script>\n<!-- \/ Yoast SEO plugin. -->","yoast_head_json":{"title":"Ev\u00e8nement - Randonn\u00e9e dans le Haut Bugey - INEDIT FITNESS | Chassieu","robots":{"index":"index","follow":"follow","max-snippet":"max-snippet:-1","max-image-preview":"max-image-preview:large","max-video-preview":"max-video-preview:-1"},"canonical":"https:\/\/ineditfitness.com\/site\/evenement-randonnee-dans-le-haut-bugey\/","og_locale":"fr_FR","og_type":"article","og_title":"Ev\u00e8nement - Randonn\u00e9e dans le Haut Bugey - INEDIT FITNESS | Chassieu","og_description":"[vc_row][vc_column][vc_column_text] Samedi 23 octobre 2021 [\/vc_column_text][vc_empty_space][\/vc_column][\/vc_row][vc_row][vc_column][vc_column_text] Une journ\u00e9e \u00ab\u00a0d\u00e9tente\u00a0\u00bb dans le haut Bugey , \u00e0 1H15 de Chassieu. Avec l&rsquo;\u00e9quipe d&rsquo;In\u00e9dit Fitness ! [\/vc_column_text][vc_empty_space][vc_images_carousel images=\u00a0\u00bb12567,12568&Prime; img_size=\u00a0\u00bblarge\u00a0\u00bb][vc_empty_space][vc_empty_space][\/vc_column][\/vc_row][vc_row][vc_column width=\u00a0\u00bb1\/2&Prime;][vc_single_image image=\u00a0\u00bb12574&Prime; img_size=\u00a0\u00bblarge\u00a0\u00bb alignment=\u00a0\u00bbcenter\u00a0\u00bb onclick=\u00a0\u00bbimg_link_large\u00a0\u00bb img_link_target=\u00a0\u00bb_blank\u00a0\u00bb][\/vc_column][vc_column width=\u00a0\u00bb1\/2&Prime;][vc_empty_space][vc_empty_space][vc_empty_space][vc_empty_space][vc_column_text] David, coach sportif, vous propose une journ\u00e9e \u00ab\u00a0d\u00e9tente\u00a0\u00bb [\/vc_column_text][vc_empty_space][vc_column_text] Le programme : Rendez-vous au G\u00eete de la belette Petit d\u00e9jeuner d&rsquo;accueil de","og_url":"https:\/\/ineditfitness.com\/site\/evenement-randonnee-dans-le-haut-bugey\/","og_site_name":"INEDIT FITNESS | Chassieu","article_published_time":"2021-09-24T08:28:58+00:00","article_modified_time":"2021-09-24T18:05:03+00:00","og_image":[{"width":940,"height":788,"url":"https:\/\/ineditfitness.com\/site\/wp-content\/uploads\/2021\/09\/Lachez-prise-42.jpg","type":"image\/jpeg"}],"author":"PISK","twitter_misc":{"\u00c9crit par":"PISK","Dur\u00e9e de lecture estim\u00e9e":"1 minute"},"schema":{"@context":"https:\/\/schema.org","@graph":[{"@type":"Article","@id":"https:\/\/ineditfitness.com\/site\/evenement-randonnee-dans-le-haut-bugey\/#article","isPartOf":{"@id":"https:\/\/ineditfitness.com\/site\/evenement-randonnee-dans-le-haut-bugey\/"},"author":{"name":"PISK","@id":"https:\/\/ineditfitness.com\/site\/#\/schema\/person\/9d9ee2eec28d681796264261a10ef007"},"headline":"Ev\u00e8nement &#8211; Randonn\u00e9e dans le Haut Bugey","datePublished":"2021-09-24T08:28:58+00:00","dateModified":"2021-09-24T18:05:03+00:00","mainEntityOfPage":{"@id":"https:\/\/ineditfitness.com\/site\/evenement-randonnee-dans-le-haut-bugey\/"},"wordCount":449,"commentCount":0,"publisher":{"@id":"https:\/\/ineditfitness.com\/site\/#organization"},"image":{"@id":"https:\/\/ineditfitness.com\/site\/evenement-randonnee-dans-le-haut-bugey\/#primaryimage"},"thumbnailUrl":"https:\/\/ineditfitness.com\/site\/wp-content\/uploads\/2021\/09\/Lachez-prise-42.jpg","articleSection":["Sans"],"inLanguage":"fr-FR","potentialAction":[{"@type":"CommentAction","name":"Comment","target":["https:\/\/ineditfitness.com\/site\/evenement-randonnee-dans-le-haut-bugey\/#respond"]}]},{"@type":"WebPage","@id":"https:\/\/ineditfitness.com\/site\/evenement-randonnee-dans-le-haut-bugey\/","url":"https:\/\/ineditfitness.com\/site\/evenement-randonnee-dans-le-haut-bugey\/","name":"Ev\u00e8nement - Randonn\u00e9e dans le Haut Bugey - INEDIT FITNESS | Chassieu","isPartOf":{"@id":"https:\/\/ineditfitness.com\/site\/#website"},"primaryImageOfPage":{"@id":"https:\/\/ineditfitness.com\/site\/evenement-randonnee-dans-le-haut-bugey\/#primaryimage"},"image":{"@id":"https:\/\/ineditfitness.com\/site\/evenement-randonnee-dans-le-haut-bugey\/#primaryimage"},"thumbnailUrl":"https:\/\/ineditfitness.com\/site\/wp-content\/uploads\/2021\/09\/Lachez-prise-42.jpg","datePublished":"2021-09-24T08:28:58+00:00","dateModified":"2021-09-24T18:05:03+00:00","breadcrumb":{"@id":"https:\/\/ineditfitness.com\/site\/evenement-randonnee-dans-le-haut-bugey\/#breadcrumb"},"inLanguage":"fr-FR","potentialAction":[{"@type":"ReadAction","target":["https:\/\/ineditfitness.com\/site\/evenement-randonnee-dans-le-haut-bugey\/"]}]},{"@type":"ImageObject","inLanguage":"fr-FR","@id":"https:\/\/ineditfitness.com\/site\/evenement-randonnee-dans-le-haut-bugey\/#primaryimage","url":"https:\/\/ineditfitness.com\/site\/wp-content\/uploads\/2021\/09\/Lachez-prise-42.jpg","contentUrl":"https:\/\/ineditfitness.com\/site\/wp-content\/uploads\/2021\/09\/Lachez-prise-42.jpg","width":940,"height":788,"caption":"EVENEMENT RANDONNEE INEDIT FITNESS"},{"@type":"BreadcrumbList","@id":"https:\/\/ineditfitness.com\/site\/evenement-randonnee-dans-le-haut-bugey\/#breadcrumb","itemListElement":[{"@type":"ListItem","position":1,"name":"Accueil","item":"https:\/\/ineditfitness.com\/site\/"},{"@type":"ListItem","position":2,"name":"Ev\u00e8nement &#8211; Randonn\u00e9e dans le Haut Bugey"}]},{"@type":"WebSite","@id":"https:\/\/ineditfitness.com\/site\/#website","url":"https:\/\/ineditfitness.com\/site\/","name":"INEDIT FITNESS | Chassieu","description":"Vous \u00eates unique, notre coaching aussi - Salle de Sport - Fitness - Stretching - Pilates - Training - Cardio - Marche Nordique - Coaching Individuel - Small groupe","publisher":{"@id":"https:\/\/ineditfitness.com\/site\/#organization"},"potentialAction":[{"@type":"SearchAction","target":{"@type":"EntryPoint","urlTemplate":"https:\/\/ineditfitness.com\/site\/?s={search_term_string}"},"query-input":{"@type":"PropertyValueSpecification","valueRequired":true,"valueName":"search_term_string"}}],"inLanguage":"fr-FR"},{"@type":"Organization","@id":"https:\/\/ineditfitness.com\/site\/#organization","name":"INEDIT FITNESS","url":"https:\/\/ineditfitness.com\/site\/","logo":{"@type":"ImageObject","inLanguage":"fr-FR","@id":"https:\/\/ineditfitness.com\/site\/#\/schema\/logo\/image\/","url":"https:\/\/ineditfitness.com\/site\/wp-content\/uploads\/2014\/12\/studio_inedit_fitness_logo_site.png","contentUrl":"https:\/\/ineditfitness.com\/site\/wp-content\/uploads\/2014\/12\/studio_inedit_fitness_logo_site.png","width":600,"height":210,"caption":"INEDIT FITNESS"},"image":{"@id":"https:\/\/ineditfitness.com\/site\/#\/schema\/logo\/image\/"}},{"@type":"Person","@id":"https:\/\/ineditfitness.com\/site\/#\/schema\/person\/9d9ee2eec28d681796264261a10ef007","name":"PISK","image":{"@type":"ImageObject","inLanguage":"fr-FR","@id":"https:\/\/secure.gravatar.com\/avatar\/10fd830c47f359563c208ec7a2832c91c1957fe839b190df787fbcaf5e7f9bd2?s=96&d=mm&r=g","url":"https:\/\/secure.gravatar.com\/avatar\/10fd830c47f359563c208ec7a2832c91c1957fe839b190df787fbcaf5e7f9bd2?s=96&d=mm&r=g","contentUrl":"https:\/\/secure.gravatar.com\/avatar\/10fd830c47f359563c208ec7a2832c91c1957fe839b190df787fbcaf5e7f9bd2?s=96&d=mm&r=g","caption":"PISK"},"sameAs":["http:\/\/www.ineditfitness.com"]}]}},"_links":{"self":[{"href":"https:\/\/ineditfitness.com\/site\/wp-json\/wp\/v2\/posts\/12565","targetHints":{"allow":["GET"]}}],"collection":[{"href":"https:\/\/ineditfitness.com\/site\/wp-json\/wp\/v2\/posts"}],"about":[{"href":"https:\/\/ineditfitness.com\/site\/wp-json\/wp\/v2\/types\/post"}],"author":[{"embeddable":true,"href":"https:\/\/ineditfitness.com\/site\/wp-json\/wp\/v2\/users\/3"}],"replies":[{"embeddable":true,"href":"https:\/\/ineditfitness.com\/site\/wp-json\/wp\/v2\/comments?post=12565"}],"version-history":[{"count":0,"href":"https:\/\/ineditfitness.com\/site\/wp-json\/wp\/v2\/posts\/12565\/revisions"}],"wp:featuredmedia":[{"embeddable":true,"href":"https:\/\/ineditfitness.com\/site\/wp-json\/wp\/v2\/media\/12579"}],"wp:attachment":[{"href":"https:\/\/ineditfitness.com\/site\/wp-json\/wp\/v2\/media?parent=12565"}],"wp:term":[{"taxonomy":"category","embeddable":true,"href":"https:\/\/ineditfitness.com\/site\/wp-json\/wp\/v2\/categories?post=12565"},{"taxonomy":"post_tag","embeddable":true,"href":"https:\/\/ineditfitness.com\/site\/wp-json\/wp\/v2\/tags?post=12565"}],"curies":[{"name":"wp","href":"https:\/\/api.w.org\/{rel}","templated":true}]}}