{"id":12354,"date":"2021-05-20T13:08:50","date_gmt":"2021-05-20T11:08:50","guid":{"rendered":"https:\/\/ineditfitness.com\/site\/?p=12354"},"modified":"2024-06-26T16:05:52","modified_gmt":"2024-06-26T14:05:52","slug":"nouveau-logo","status":"publish","type":"post","link":"https:\/\/ineditfitness.com\/site\/nouveau-logo\/","title":{"rendered":"Nouveau Logo"},"content":{"rendered":"<div class=\"wpb-content-wrapper\"><p>[vc_row][vc_column][vc_column_text]<\/p>\n<h1 style=\"text-align: center;\"><span style=\"font-size: 24pt; color: #ff0000;\">Nouveau Logo pour In\u00e9dit Fitness !<\/span><\/h1>\n<p>[\/vc_column_text][vc_empty_space][vc_column_text]<\/p>\n<p style=\"text-align: center;\"><span style=\"font-size: 14pt;\">In\u00e9dit Fitness vous d\u00e9voile sa nouvelle image de marque . . .<\/span><\/p>\n<p>[\/vc_column_text][vc_empty_space][vc_empty_space][\/vc_column][\/vc_row][vc_row][vc_column][vc_single_image image=\u00a0\u00bb12355&Prime; img_size=\u00a0\u00bblarge\u00a0\u00bb][\/vc_column][\/vc_row][vc_row][vc_column][vc_empty_space][vc_empty_space][vc_column_text]<\/p>\n<p style=\"text-align: center;\"><span style=\"font-size: 14pt;\">Apr\u00e8s 6 ans d&rsquo;activit\u00e9, In\u00e9dit Fitness renforce son image et son concept avec un nouveau logo.<\/span><\/p>\n<p style=\"text-align: center;\"><span style=\"font-size: 14pt;\">Pourquoi maintenant ?<\/span><\/p>\n<p style=\"text-align: center;\"><span style=\"font-size: 14pt;\">Les salles de sport en France subissent plusieurs fermetures administratives depuis plus d&rsquo;un an. Mais In\u00e9dit Fitness s&rsquo;adapte \u00e0 la pand\u00e9mie du Covid-19. La soci\u00e9t\u00e9 innove et continue \u00e0 accompagner ses clients, \u00e0 prendre soin de leur sant\u00e9 gr\u00e2ce \u00e0 la mise en place de s\u00e9ances coach\u00e9es par visioconf\u00e9rence. (\u00a0<a href=\"https:\/\/ineditfitness.com\/site\/seances-coachees-en-live\/\" target=\"_blank\" rel=\"noopener\">En savoir plus sur les s\u00e9ances coach\u00e9es en Live)<\/a> Une autre fa\u00e7on de coacher mais In\u00e9dit Fitness est toujours l\u00e0 pour \u00e9couter &#8211; conseiller et accompagner.<\/span><\/p>\n<div class=\"\"><\/div>\n<p style=\"text-align: center;\"><span style=\"font-size: 14pt;\">Apr\u00e8s une ann\u00e9e pleine de rebondissement, la nouvelle image de marque est au coeur d&rsquo;une r\u00e9flexion sur l&rsquo;harmonisation des valeurs d&rsquo;In\u00e9dit Fitness. Nous avons voulu rendre notre logo encore plus vivant, presque humain, pour symboliser encore mieux les \u00e9changes et les relations que nous avons avec vous. <\/span><\/p>\n<p style=\"text-align: center;\"><span style=\"font-size: 14pt;\">C&rsquo;est un logo qui nous ressemble. Nous esp\u00e9rons qu&rsquo;il vous plaira.<\/span><\/p>\n<p style=\"text-align: center;\"><span style=\"font-size: 14pt;\">Merci \u00e0 Nicolas Prost, directeur artistique chez la Fabrique du Film pour cette cr\u00e9ation !\u00a0<a href=\"https:\/\/www.lafabriquedufilm.com\/\" target=\"_blank\" rel=\"noopener\">site internet<\/a><\/span><\/p>\n<p>[\/vc_column_text][vc_empty_space][vc_empty_space][\/vc_column][\/vc_row][vc_row][vc_column width=\u00a0\u00bb1\/2&Prime;][vc_column_text]<\/p>\n<p style=\"text-align: center;\"><span style=\"font-size: 18pt;\">2015<\/span><\/p>\n<p>[\/vc_column_text][vc_single_image image=\u00a0\u00bb4852&Prime; img_size=\u00a0\u00bblarge\u00a0\u00bb alignment=\u00a0\u00bbcenter\u00a0\u00bb][\/vc_column][vc_column width=\u00a0\u00bb1\/2&Prime;][vc_column_text]<\/p>\n<p style=\"text-align: center;\"><span style=\"font-size: 18pt;\">2021<\/span><\/p>\n<p>[\/vc_column_text][vc_single_image image=\u00a0\u00bb12355&Prime; img_size=\u00a0\u00bbmedium\u00a0\u00bb alignment=\u00a0\u00bbcenter\u00a0\u00bb][\/vc_column][\/vc_row][vc_row][vc_column][vc_empty_space][vc_empty_space][\/vc_column][\/vc_row]<\/p>\n<\/div>","protected":false},"excerpt":{"rendered":"<p>[vc_row][vc_column][vc_column_text] Nouveau Logo pour In\u00e9dit Fitness ! [\/vc_column_text][vc_empty_space][vc_column_text] In\u00e9dit Fitness vous d\u00e9voile sa nouvelle image de marque . . . [\/vc_column_text][vc_empty_space][vc_empty_space][\/vc_column][\/vc_row][vc_row][vc_column][vc_single_image image=\u00a0\u00bb12355&Prime; img_size=\u00a0\u00bblarge\u00a0\u00bb][\/vc_column][\/vc_row][vc_row][vc_column][vc_empty_space][vc_empty_space][vc_column_text] Apr\u00e8s 6 ans d&rsquo;activit\u00e9, In\u00e9dit Fitness renforce son image et son concept avec un nouveau logo. Pourquoi maintenant ? Les salles de sport en France subissent plusieurs fermetures administratives depuis plus d&rsquo;un<\/p>\n","protected":false},"author":3,"featured_media":12372,"comment_status":"closed","ping_status":"open","sticky":false,"template":"","format":"standard","meta":{"footnotes":""},"categories":[1],"tags":[],"class_list":["post-12354","post","type-post","status-publish","format-standard","has-post-thumbnail","hentry","category-sans"],"yoast_head":"<!-- This site is optimized with the Yoast SEO plugin v27.4 - https:\/\/yoast.com\/product\/yoast-seo-wordpress\/ -->\n<title>Nouveau Logo - INEDIT FITNESS | Chassieu<\/title>\n<meta name=\"robots\" content=\"index, follow, max-snippet:-1, max-image-preview:large, max-video-preview:-1\" \/>\n<link rel=\"canonical\" href=\"https:\/\/ineditfitness.com\/site\/nouveau-logo\/\" \/>\n<meta property=\"og:locale\" content=\"fr_FR\" \/>\n<meta property=\"og:type\" content=\"article\" \/>\n<meta property=\"og:title\" content=\"Nouveau Logo - INEDIT FITNESS | Chassieu\" \/>\n<meta property=\"og:description\" content=\"[vc_row][vc_column][vc_column_text] Nouveau Logo pour In\u00e9dit Fitness ! [\/vc_column_text][vc_empty_space][vc_column_text] In\u00e9dit Fitness vous d\u00e9voile sa nouvelle image de marque . . . [\/vc_column_text][vc_empty_space][vc_empty_space][\/vc_column][\/vc_row][vc_row][vc_column][vc_single_image image=\u00a0\u00bb12355&Prime; img_size=\u00a0\u00bblarge\u00a0\u00bb][\/vc_column][\/vc_row][vc_row][vc_column][vc_empty_space][vc_empty_space][vc_column_text] Apr\u00e8s 6 ans d&rsquo;activit\u00e9, In\u00e9dit Fitness renforce son image et son concept avec un nouveau logo. Pourquoi maintenant ? Les salles de sport en France subissent plusieurs fermetures administratives depuis plus d&rsquo;un\" \/>\n<meta property=\"og:url\" content=\"https:\/\/ineditfitness.com\/site\/nouveau-logo\/\" \/>\n<meta property=\"og:site_name\" content=\"INEDIT FITNESS | Chassieu\" \/>\n<meta property=\"article:published_time\" content=\"2021-05-20T11:08:50+00:00\" \/>\n<meta property=\"article:modified_time\" content=\"2024-06-26T14:05:52+00:00\" \/>\n<meta property=\"og:image\" content=\"https:\/\/ineditfitness.com\/site\/wp-content\/uploads\/2021\/05\/Lachez-prise-28.png\" \/>\n\t<meta property=\"og:image:width\" content=\"940\" \/>\n\t<meta property=\"og:image:height\" content=\"788\" \/>\n\t<meta property=\"og:image:type\" content=\"image\/png\" \/>\n<meta name=\"author\" content=\"PISK\" \/>\n<meta name=\"twitter:label1\" content=\"\u00c9crit par\" \/>\n\t<meta name=\"twitter:data1\" content=\"PISK\" \/>\n\t<meta name=\"twitter:label2\" content=\"Dur\u00e9e de lecture estim\u00e9e\" \/>\n\t<meta name=\"twitter:data2\" content=\"2 minutes\" \/>\n<script type=\"application\/ld+json\" class=\"yoast-schema-graph\">{\"@context\":\"https:\\\/\\\/schema.org\",\"@graph\":[{\"@type\":\"Article\",\"@id\":\"https:\\\/\\\/ineditfitness.com\\\/site\\\/nouveau-logo\\\/#article\",\"isPartOf\":{\"@id\":\"https:\\\/\\\/ineditfitness.com\\\/site\\\/nouveau-logo\\\/\"},\"author\":{\"name\":\"PISK\",\"@id\":\"https:\\\/\\\/ineditfitness.com\\\/site\\\/#\\\/schema\\\/person\\\/9d9ee2eec28d681796264261a10ef007\"},\"headline\":\"Nouveau Logo\",\"datePublished\":\"2021-05-20T11:08:50+00:00\",\"dateModified\":\"2024-06-26T14:05:52+00:00\",\"mainEntityOfPage\":{\"@id\":\"https:\\\/\\\/ineditfitness.com\\\/site\\\/nouveau-logo\\\/\"},\"wordCount\":335,\"publisher\":{\"@id\":\"https:\\\/\\\/ineditfitness.com\\\/site\\\/#organization\"},\"image\":{\"@id\":\"https:\\\/\\\/ineditfitness.com\\\/site\\\/nouveau-logo\\\/#primaryimage\"},\"thumbnailUrl\":\"https:\\\/\\\/ineditfitness.com\\\/site\\\/wp-content\\\/uploads\\\/2021\\\/05\\\/Lachez-prise-28.png\",\"articleSection\":[\"Sans\"],\"inLanguage\":\"fr-FR\"},{\"@type\":\"WebPage\",\"@id\":\"https:\\\/\\\/ineditfitness.com\\\/site\\\/nouveau-logo\\\/\",\"url\":\"https:\\\/\\\/ineditfitness.com\\\/site\\\/nouveau-logo\\\/\",\"name\":\"Nouveau Logo - INEDIT FITNESS | Chassieu\",\"isPartOf\":{\"@id\":\"https:\\\/\\\/ineditfitness.com\\\/site\\\/#website\"},\"primaryImageOfPage\":{\"@id\":\"https:\\\/\\\/ineditfitness.com\\\/site\\\/nouveau-logo\\\/#primaryimage\"},\"image\":{\"@id\":\"https:\\\/\\\/ineditfitness.com\\\/site\\\/nouveau-logo\\\/#primaryimage\"},\"thumbnailUrl\":\"https:\\\/\\\/ineditfitness.com\\\/site\\\/wp-content\\\/uploads\\\/2021\\\/05\\\/Lachez-prise-28.png\",\"datePublished\":\"2021-05-20T11:08:50+00:00\",\"dateModified\":\"2024-06-26T14:05:52+00:00\",\"breadcrumb\":{\"@id\":\"https:\\\/\\\/ineditfitness.com\\\/site\\\/nouveau-logo\\\/#breadcrumb\"},\"inLanguage\":\"fr-FR\",\"potentialAction\":[{\"@type\":\"ReadAction\",\"target\":[\"https:\\\/\\\/ineditfitness.com\\\/site\\\/nouveau-logo\\\/\"]}]},{\"@type\":\"ImageObject\",\"inLanguage\":\"fr-FR\",\"@id\":\"https:\\\/\\\/ineditfitness.com\\\/site\\\/nouveau-logo\\\/#primaryimage\",\"url\":\"https:\\\/\\\/ineditfitness.com\\\/site\\\/wp-content\\\/uploads\\\/2021\\\/05\\\/Lachez-prise-28.png\",\"contentUrl\":\"https:\\\/\\\/ineditfitness.com\\\/site\\\/wp-content\\\/uploads\\\/2021\\\/05\\\/Lachez-prise-28.png\",\"width\":940,\"height\":788,\"caption\":\"Nouveau Logo - In\u00e9dit Fitness\"},{\"@type\":\"BreadcrumbList\",\"@id\":\"https:\\\/\\\/ineditfitness.com\\\/site\\\/nouveau-logo\\\/#breadcrumb\",\"itemListElement\":[{\"@type\":\"ListItem\",\"position\":1,\"name\":\"Accueil\",\"item\":\"https:\\\/\\\/ineditfitness.com\\\/site\\\/\"},{\"@type\":\"ListItem\",\"position\":2,\"name\":\"Nouveau Logo\"}]},{\"@type\":\"WebSite\",\"@id\":\"https:\\\/\\\/ineditfitness.com\\\/site\\\/#website\",\"url\":\"https:\\\/\\\/ineditfitness.com\\\/site\\\/\",\"name\":\"INEDIT FITNESS | Chassieu\",\"description\":\"Vous \u00eates unique, notre coaching aussi - Salle de Sport - Fitness - Stretching - Pilates - Training - Cardio - Marche Nordique - Coaching Individuel - Small groupe\",\"publisher\":{\"@id\":\"https:\\\/\\\/ineditfitness.com\\\/site\\\/#organization\"},\"potentialAction\":[{\"@type\":\"SearchAction\",\"target\":{\"@type\":\"EntryPoint\",\"urlTemplate\":\"https:\\\/\\\/ineditfitness.com\\\/site\\\/?s={search_term_string}\"},\"query-input\":{\"@type\":\"PropertyValueSpecification\",\"valueRequired\":true,\"valueName\":\"search_term_string\"}}],\"inLanguage\":\"fr-FR\"},{\"@type\":\"Organization\",\"@id\":\"https:\\\/\\\/ineditfitness.com\\\/site\\\/#organization\",\"name\":\"INEDIT FITNESS\",\"url\":\"https:\\\/\\\/ineditfitness.com\\\/site\\\/\",\"logo\":{\"@type\":\"ImageObject\",\"inLanguage\":\"fr-FR\",\"@id\":\"https:\\\/\\\/ineditfitness.com\\\/site\\\/#\\\/schema\\\/logo\\\/image\\\/\",\"url\":\"https:\\\/\\\/ineditfitness.com\\\/site\\\/wp-content\\\/uploads\\\/2014\\\/12\\\/studio_inedit_fitness_logo_site.png\",\"contentUrl\":\"https:\\\/\\\/ineditfitness.com\\\/site\\\/wp-content\\\/uploads\\\/2014\\\/12\\\/studio_inedit_fitness_logo_site.png\",\"width\":600,\"height\":210,\"caption\":\"INEDIT FITNESS\"},\"image\":{\"@id\":\"https:\\\/\\\/ineditfitness.com\\\/site\\\/#\\\/schema\\\/logo\\\/image\\\/\"}},{\"@type\":\"Person\",\"@id\":\"https:\\\/\\\/ineditfitness.com\\\/site\\\/#\\\/schema\\\/person\\\/9d9ee2eec28d681796264261a10ef007\",\"name\":\"PISK\",\"image\":{\"@type\":\"ImageObject\",\"inLanguage\":\"fr-FR\",\"@id\":\"https:\\\/\\\/secure.gravatar.com\\\/avatar\\\/10fd830c47f359563c208ec7a2832c91c1957fe839b190df787fbcaf5e7f9bd2?s=96&d=mm&r=g\",\"url\":\"https:\\\/\\\/secure.gravatar.com\\\/avatar\\\/10fd830c47f359563c208ec7a2832c91c1957fe839b190df787fbcaf5e7f9bd2?s=96&d=mm&r=g\",\"contentUrl\":\"https:\\\/\\\/secure.gravatar.com\\\/avatar\\\/10fd830c47f359563c208ec7a2832c91c1957fe839b190df787fbcaf5e7f9bd2?s=96&d=mm&r=g\",\"caption\":\"PISK\"},\"sameAs\":[\"http:\\\/\\\/www.ineditfitness.com\"]}]}<\/script>\n<!-- \/ Yoast SEO plugin. -->","yoast_head_json":{"title":"Nouveau Logo - INEDIT FITNESS | Chassieu","robots":{"index":"index","follow":"follow","max-snippet":"max-snippet:-1","max-image-preview":"max-image-preview:large","max-video-preview":"max-video-preview:-1"},"canonical":"https:\/\/ineditfitness.com\/site\/nouveau-logo\/","og_locale":"fr_FR","og_type":"article","og_title":"Nouveau Logo - INEDIT FITNESS | Chassieu","og_description":"[vc_row][vc_column][vc_column_text] Nouveau Logo pour In\u00e9dit Fitness ! [\/vc_column_text][vc_empty_space][vc_column_text] In\u00e9dit Fitness vous d\u00e9voile sa nouvelle image de marque . . . [\/vc_column_text][vc_empty_space][vc_empty_space][\/vc_column][\/vc_row][vc_row][vc_column][vc_single_image image=\u00a0\u00bb12355&Prime; img_size=\u00a0\u00bblarge\u00a0\u00bb][\/vc_column][\/vc_row][vc_row][vc_column][vc_empty_space][vc_empty_space][vc_column_text] Apr\u00e8s 6 ans d&rsquo;activit\u00e9, In\u00e9dit Fitness renforce son image et son concept avec un nouveau logo. Pourquoi maintenant ? Les salles de sport en France subissent plusieurs fermetures administratives depuis plus d&rsquo;un","og_url":"https:\/\/ineditfitness.com\/site\/nouveau-logo\/","og_site_name":"INEDIT FITNESS | Chassieu","article_published_time":"2021-05-20T11:08:50+00:00","article_modified_time":"2024-06-26T14:05:52+00:00","og_image":[{"width":940,"height":788,"url":"https:\/\/ineditfitness.com\/site\/wp-content\/uploads\/2021\/05\/Lachez-prise-28.png","type":"image\/png"}],"author":"PISK","twitter_misc":{"\u00c9crit par":"PISK","Dur\u00e9e de lecture estim\u00e9e":"2 minutes"},"schema":{"@context":"https:\/\/schema.org","@graph":[{"@type":"Article","@id":"https:\/\/ineditfitness.com\/site\/nouveau-logo\/#article","isPartOf":{"@id":"https:\/\/ineditfitness.com\/site\/nouveau-logo\/"},"author":{"name":"PISK","@id":"https:\/\/ineditfitness.com\/site\/#\/schema\/person\/9d9ee2eec28d681796264261a10ef007"},"headline":"Nouveau Logo","datePublished":"2021-05-20T11:08:50+00:00","dateModified":"2024-06-26T14:05:52+00:00","mainEntityOfPage":{"@id":"https:\/\/ineditfitness.com\/site\/nouveau-logo\/"},"wordCount":335,"publisher":{"@id":"https:\/\/ineditfitness.com\/site\/#organization"},"image":{"@id":"https:\/\/ineditfitness.com\/site\/nouveau-logo\/#primaryimage"},"thumbnailUrl":"https:\/\/ineditfitness.com\/site\/wp-content\/uploads\/2021\/05\/Lachez-prise-28.png","articleSection":["Sans"],"inLanguage":"fr-FR"},{"@type":"WebPage","@id":"https:\/\/ineditfitness.com\/site\/nouveau-logo\/","url":"https:\/\/ineditfitness.com\/site\/nouveau-logo\/","name":"Nouveau Logo - INEDIT FITNESS | Chassieu","isPartOf":{"@id":"https:\/\/ineditfitness.com\/site\/#website"},"primaryImageOfPage":{"@id":"https:\/\/ineditfitness.com\/site\/nouveau-logo\/#primaryimage"},"image":{"@id":"https:\/\/ineditfitness.com\/site\/nouveau-logo\/#primaryimage"},"thumbnailUrl":"https:\/\/ineditfitness.com\/site\/wp-content\/uploads\/2021\/05\/Lachez-prise-28.png","datePublished":"2021-05-20T11:08:50+00:00","dateModified":"2024-06-26T14:05:52+00:00","breadcrumb":{"@id":"https:\/\/ineditfitness.com\/site\/nouveau-logo\/#breadcrumb"},"inLanguage":"fr-FR","potentialAction":[{"@type":"ReadAction","target":["https:\/\/ineditfitness.com\/site\/nouveau-logo\/"]}]},{"@type":"ImageObject","inLanguage":"fr-FR","@id":"https:\/\/ineditfitness.com\/site\/nouveau-logo\/#primaryimage","url":"https:\/\/ineditfitness.com\/site\/wp-content\/uploads\/2021\/05\/Lachez-prise-28.png","contentUrl":"https:\/\/ineditfitness.com\/site\/wp-content\/uploads\/2021\/05\/Lachez-prise-28.png","width":940,"height":788,"caption":"Nouveau Logo - In\u00e9dit Fitness"},{"@type":"BreadcrumbList","@id":"https:\/\/ineditfitness.com\/site\/nouveau-logo\/#breadcrumb","itemListElement":[{"@type":"ListItem","position":1,"name":"Accueil","item":"https:\/\/ineditfitness.com\/site\/"},{"@type":"ListItem","position":2,"name":"Nouveau Logo"}]},{"@type":"WebSite","@id":"https:\/\/ineditfitness.com\/site\/#website","url":"https:\/\/ineditfitness.com\/site\/","name":"INEDIT FITNESS | Chassieu","description":"Vous \u00eates unique, notre coaching aussi - Salle de Sport - Fitness - Stretching - Pilates - Training - Cardio - Marche Nordique - Coaching Individuel - Small groupe","publisher":{"@id":"https:\/\/ineditfitness.com\/site\/#organization"},"potentialAction":[{"@type":"SearchAction","target":{"@type":"EntryPoint","urlTemplate":"https:\/\/ineditfitness.com\/site\/?s={search_term_string}"},"query-input":{"@type":"PropertyValueSpecification","valueRequired":true,"valueName":"search_term_string"}}],"inLanguage":"fr-FR"},{"@type":"Organization","@id":"https:\/\/ineditfitness.com\/site\/#organization","name":"INEDIT FITNESS","url":"https:\/\/ineditfitness.com\/site\/","logo":{"@type":"ImageObject","inLanguage":"fr-FR","@id":"https:\/\/ineditfitness.com\/site\/#\/schema\/logo\/image\/","url":"https:\/\/ineditfitness.com\/site\/wp-content\/uploads\/2014\/12\/studio_inedit_fitness_logo_site.png","contentUrl":"https:\/\/ineditfitness.com\/site\/wp-content\/uploads\/2014\/12\/studio_inedit_fitness_logo_site.png","width":600,"height":210,"caption":"INEDIT FITNESS"},"image":{"@id":"https:\/\/ineditfitness.com\/site\/#\/schema\/logo\/image\/"}},{"@type":"Person","@id":"https:\/\/ineditfitness.com\/site\/#\/schema\/person\/9d9ee2eec28d681796264261a10ef007","name":"PISK","image":{"@type":"ImageObject","inLanguage":"fr-FR","@id":"https:\/\/secure.gravatar.com\/avatar\/10fd830c47f359563c208ec7a2832c91c1957fe839b190df787fbcaf5e7f9bd2?s=96&d=mm&r=g","url":"https:\/\/secure.gravatar.com\/avatar\/10fd830c47f359563c208ec7a2832c91c1957fe839b190df787fbcaf5e7f9bd2?s=96&d=mm&r=g","contentUrl":"https:\/\/secure.gravatar.com\/avatar\/10fd830c47f359563c208ec7a2832c91c1957fe839b190df787fbcaf5e7f9bd2?s=96&d=mm&r=g","caption":"PISK"},"sameAs":["http:\/\/www.ineditfitness.com"]}]}},"_links":{"self":[{"href":"https:\/\/ineditfitness.com\/site\/wp-json\/wp\/v2\/posts\/12354","targetHints":{"allow":["GET"]}}],"collection":[{"href":"https:\/\/ineditfitness.com\/site\/wp-json\/wp\/v2\/posts"}],"about":[{"href":"https:\/\/ineditfitness.com\/site\/wp-json\/wp\/v2\/types\/post"}],"author":[{"embeddable":true,"href":"https:\/\/ineditfitness.com\/site\/wp-json\/wp\/v2\/users\/3"}],"replies":[{"embeddable":true,"href":"https:\/\/ineditfitness.com\/site\/wp-json\/wp\/v2\/comments?post=12354"}],"version-history":[{"count":1,"href":"https:\/\/ineditfitness.com\/site\/wp-json\/wp\/v2\/posts\/12354\/revisions"}],"predecessor-version":[{"id":13554,"href":"https:\/\/ineditfitness.com\/site\/wp-json\/wp\/v2\/posts\/12354\/revisions\/13554"}],"wp:featuredmedia":[{"embeddable":true,"href":"https:\/\/ineditfitness.com\/site\/wp-json\/wp\/v2\/media\/12372"}],"wp:attachment":[{"href":"https:\/\/ineditfitness.com\/site\/wp-json\/wp\/v2\/media?parent=12354"}],"wp:term":[{"taxonomy":"category","embeddable":true,"href":"https:\/\/ineditfitness.com\/site\/wp-json\/wp\/v2\/categories?post=12354"},{"taxonomy":"post_tag","embeddable":true,"href":"https:\/\/ineditfitness.com\/site\/wp-json\/wp\/v2\/tags?post=12354"}],"curies":[{"name":"wp","href":"https:\/\/api.w.org\/{rel}","templated":true}]}}