{"id":11489,"date":"2020-12-12T15:08:02","date_gmt":"2020-12-12T14:08:02","guid":{"rendered":"https:\/\/ineditfitness.com\/site\/?p=11489"},"modified":"2021-01-02T15:02:56","modified_gmt":"2021-01-02T14:02:56","slug":"planning-fin-dannee-2020","status":"publish","type":"post","link":"https:\/\/ineditfitness.com\/site\/planning-fin-dannee-2020\/","title":{"rendered":"Planning fin d&rsquo;ann\u00e9e 2020"},"content":{"rendered":"<div class=\"wpb-content-wrapper\"><p>[vc_row][vc_column][vc_column_text]<\/p>\n<h2 style=\"text-align: center;\"><span style=\"font-size: 24pt; color: #ff0000;\">Reprise des s\u00e9ances en Pr\u00e9sentiel !<\/span><\/h2>\n<p style=\"text-align: center;\"><span style=\"font-size: 14pt;\">Suite aux annonces du gouvernement, \u00e0 partir du 15 d\u00e9cembre 2020, nous pouvons reprendre les s\u00e9ances en ext\u00e9rieur.<\/span><\/p>\n<p style=\"text-align: center;\"><span style=\"font-size: 14pt;\">Tout en respectant les mesures sanitaires, nous vous proposons diff\u00e9rentes fa\u00e7on de garder la forme, en distanciel ou pr\u00e9sentiel :<\/span><\/p>\n<p>[\/vc_column_text][vc_empty_space][\/vc_column][\/vc_row][vc_row][vc_column width=\u00a0\u00bb1\/2&Prime;][vc_empty_space][vc_empty_space][vc_empty_space][vc_column_text]<\/p>\n<ul>\n<li><span style=\"font-size: 24pt;\">Des s\u00e9ances coach\u00e9es devant la salle <\/span><\/li>\n<\/ul>\n<p>[\/vc_column_text][\/vc_column][vc_column width=\u00a0\u00bb1\/2&Prime;][vc_single_image image=\u00a0\u00bb11382&Prime; img_size=\u00a0\u00bblarge\u00a0\u00bb alignment=\u00a0\u00bbcenter\u00a0\u00bb][vc_empty_space][\/vc_column][\/vc_row][vc_row][vc_column width=\u00a0\u00bb1\/2&Prime;][vc_empty_space][vc_empty_space][vc_empty_space][vc_column_text]<\/p>\n<ul>\n<li><span style=\"font-size: 24pt;\">Des s\u00e9ances coach\u00e9es dans un Parc<br \/>\n<\/span><\/li>\n<\/ul>\n<p>[\/vc_column_text][\/vc_column][vc_column width=\u00a0\u00bb1\/2&Prime;][vc_single_image image=\u00a0\u00bb11353&Prime; img_size=\u00a0\u00bblarge\u00a0\u00bb alignment=\u00a0\u00bbcenter\u00a0\u00bb][vc_empty_space][\/vc_column][\/vc_row][vc_row][vc_column width=\u00a0\u00bb1\/2&Prime;][vc_empty_space][vc_empty_space][vc_column_text]<\/p>\n<ul>\n<li><span style=\"font-size: 24pt;\">Des s\u00e9ances coach\u00e9es en Live par visioconf\u00e9rence <\/span><a href=\"https:\/\/ineditfitness.com\/site\/seances-coachees-en-live\/\" target=\"_blank\" rel=\"noopener noreferrer\"><span style=\"font-size: 24pt;\">C&rsquo;est quoi ?<\/span><\/a><\/li>\n<\/ul>\n<p>[\/vc_column_text][\/vc_column][vc_column width=\u00a0\u00bb1\/2&Prime;][vc_single_image image=\u00a0\u00bb11352&Prime; img_size=\u00a0\u00bblarge\u00a0\u00bb alignment=\u00a0\u00bbcenter\u00a0\u00bb][vc_empty_space][\/vc_column][\/vc_row][vc_row][vc_column width=\u00a0\u00bb1\/2&Prime;][vc_empty_space][vc_empty_space][vc_column_text]<\/p>\n<ul>\n<li><span style=\"font-size: 24pt;\">La WebTV In\u00e9dit Fitness, + de 60 vid\u00e9os de vos coachs \u00e0 suivre chez vous quand vous le souhaitez<\/span><\/li>\n<\/ul>\n<p>[\/vc_column_text][\/vc_column][vc_column width=\u00a0\u00bb1\/2&Prime;][vc_single_image image=\u00a0\u00bb11491&Prime; img_size=\u00a0\u00bblarge\u00a0\u00bb alignment=\u00a0\u00bbcenter\u00a0\u00bb][vc_empty_space][\/vc_column][\/vc_row][vc_row][vc_column][vc_empty_space][vc_column_text]<\/p>\n<h3 style=\"text-align: center;\"><span style=\"font-size: 18pt; color: #ff0000;\">PLANNING<\/span><\/h3>\n<p>[\/vc_column_text][\/vc_column][\/vc_row][vc_row][vc_column width=\u00a0\u00bb1\/2&Prime;][vc_column_text]<\/p>\n<p style=\"text-align: center;\"><span style=\"font-size: 14pt;\">S\u00e9ance coach\u00e9es en Live<br \/>\n<\/span><\/p>\n<p>[\/vc_column_text][vc_empty_space][vc_single_image image=\u00a0\u00bb11485&Prime; img_size=\u00a0\u00bblarge\u00a0\u00bb alignment=\u00a0\u00bbcenter\u00a0\u00bb onclick=\u00a0\u00bbimg_link_large\u00a0\u00bb img_link_target=\u00a0\u00bb_blank\u00a0\u00bb][vc_empty_space][vc_column_text]<\/p>\n<p style=\"text-align: center;\"><span style=\"font-size: 14pt;\">Les s\u00e9ances par visioconf\u00e9rence sont adapt\u00e9es pour prendre peu d&rsquo;espace, et elles se d\u00e9roulent sans mat\u00e9riel (sauf pour la s\u00e9ance Swissball,avec ballon).<\/span><\/p>\n<p style=\"text-align: center;\"><span style=\"font-size: 14pt;\">Pour \u00eatre conseill\u00e9 par Caroline, <\/span><a href=\"https:\/\/ineditfitness.com\/site\/besoin-de-conseils\/\" target=\"_blank\" rel=\"noopener noreferrer\"><span style=\"font-size: 14pt;\">Cliquez ici<\/span><\/a><\/p>\n<p>[\/vc_column_text][vc_empty_space][vc_column_text]<\/p>\n<p style=\"text-align: center;\"><span style=\"font-size: 14pt;\">Conseils :<\/span><\/p>\n<p style=\"text-align: center;\"><span style=\"font-size: 14pt;\">Vous \u00eates confortablement install\u00e9 au chaud chez vous ou au bureau. Effectuez votre s\u00e9ance avec une tenue de sport confortable mais l\u00e9g\u00e8re, un tapis ou une serviette, une bouteille d&rsquo;eau \u00e0 proximit\u00e9 est recommand\u00e9e.<\/span><\/p>\n<p>[\/vc_column_text][\/vc_column][vc_column width=\u00a0\u00bb1\/2&Prime;][vc_column_text]<\/p>\n<p style=\"text-align: center;\"><span style=\"font-size: 14pt;\">S\u00e9ance coach\u00e9es en Ext\u00e9rieur<br \/>\n<\/span><\/p>\n<p>[\/vc_column_text][vc_empty_space][vc_single_image image=\u00a0\u00bb11497&Prime; img_size=\u00a0\u00bblarge\u00a0\u00bb alignment=\u00a0\u00bbcenter\u00a0\u00bb onclick=\u00a0\u00bbimg_link_large\u00a0\u00bb img_link_target=\u00a0\u00bb_blank\u00a0\u00bb][vc_empty_space][vc_column_text]<\/p>\n<p style=\"text-align: center;\"><span style=\"font-size: 14pt;\">Toutes les s\u00e9ances en ext\u00e9rieur sont adapt\u00e9es \u00e0 la temp\u00e9rature et aux mesures sanitaires.<\/span><\/p>\n<p style=\"text-align: center;\"><span style=\"font-size: 14pt;\">Pour \u00eatre conseill\u00e9 par Caroline, <\/span><a href=\"https:\/\/ineditfitness.com\/site\/besoin-de-conseils\/\" target=\"_blank\" rel=\"noopener noreferrer\"><span style=\"font-size: 14pt;\">Cliquez ici<\/span><\/a><\/p>\n<p>[\/vc_column_text][vc_empty_space][vc_column_text]<\/p>\n<p style=\"text-align: center;\"><span style=\"font-size: 14pt;\">Conseils :<\/span><\/p>\n<p style=\"text-align: center;\"><span style=\"font-size: 14pt;\">Les temp\u00e9ratures peuvent \u00eatre basse donc votre tenue doit \u00eatre adapt\u00e9e \u00e0 la pratique sportive en ext\u00e9rieur ( chaud et confortable pour bouger). Vos baskets sont \u00e9galement r\u00e9serv\u00e9es \u00e0 la pratique en ext\u00e9rieur. Une bouteille d&rsquo;eau est recommand\u00e9e.<\/span><\/p>\n<p>[\/vc_column_text][\/vc_column][\/vc_row][vc_row][vc_column][vc_empty_space][vc_btn title=\u00a0\u00bbR\u00e9servez votre s\u00e9ance\u00a0\u00bb color=\u00a0\u00bbdanger\u00a0\u00bb align=\u00a0\u00bbcenter\u00a0\u00bb link=\u00a0\u00bburl:https%3A%2F%2Fineditfitness.liberfit.fr%2Fportal%2F||target:%20_blank|\u00a0\u00bb][vc_empty_space][\/vc_column][\/vc_row][vc_row][vc_column][vc_column_text]<\/p>\n<h3 style=\"text-align: center;\"><span style=\"font-size: 18pt; color: #ff0000;\">Vous avez des questions ?<\/span><\/h3>\n<p style=\"text-align: center;\"><span style=\"font-size: 14pt;\">Vos coachs, Aur\u00e9lie, Caroline et Victor sont \u00e0 votre disposition. Contactez-nous ! Retrouvez les coordonn\u00e9es de chaque coachs (mail et portable) sur votre compte personnel, onglet \u00ab\u00a0infos club\u00a0\u00bb ou <a href=\"https:\/\/ineditfitness.com\/site\/contact\/\" target=\"_blank\" rel=\"noopener noreferrer\">Cliquez ici<\/a><br \/>\n<\/span><\/p>\n<p>[\/vc_column_text][\/vc_column][\/vc_row]<\/p>\n<\/div>","protected":false},"excerpt":{"rendered":"<p>[vc_row][vc_column][vc_column_text] Reprise des s\u00e9ances en Pr\u00e9sentiel ! Suite aux annonces du gouvernement, \u00e0 partir du 15 d\u00e9cembre 2020, nous pouvons reprendre les s\u00e9ances en ext\u00e9rieur. Tout en respectant les mesures sanitaires, nous vous proposons diff\u00e9rentes fa\u00e7on de garder la forme, en distanciel ou pr\u00e9sentiel : [\/vc_column_text][vc_empty_space][\/vc_column][\/vc_row][vc_row][vc_column width=\u00a0\u00bb1\/2&Prime;][vc_empty_space][vc_empty_space][vc_empty_space][vc_column_text] Des s\u00e9ances coach\u00e9es devant la salle [\/vc_column_text][\/vc_column][vc_column width=\u00a0\u00bb1\/2&Prime;][vc_single_image<\/p>\n","protected":false},"author":3,"featured_media":11555,"comment_status":"open","ping_status":"open","sticky":false,"template":"","format":"standard","meta":{"footnotes":""},"categories":[1],"tags":[],"class_list":["post-11489","post","type-post","status-publish","format-standard","has-post-thumbnail","hentry","category-sans"],"yoast_head":"<!-- This site is optimized with the Yoast SEO plugin v27.4 - https:\/\/yoast.com\/product\/yoast-seo-wordpress\/ -->\n<title>Planning fin d&#039;ann\u00e9e 2020 - INEDIT FITNESS | Chassieu<\/title>\n<meta name=\"robots\" content=\"index, follow, max-snippet:-1, max-image-preview:large, max-video-preview:-1\" \/>\n<link rel=\"canonical\" href=\"https:\/\/ineditfitness.com\/site\/planning-fin-dannee-2020\/\" \/>\n<meta property=\"og:locale\" content=\"fr_FR\" \/>\n<meta property=\"og:type\" content=\"article\" \/>\n<meta property=\"og:title\" content=\"Planning fin d&#039;ann\u00e9e 2020 - INEDIT FITNESS | Chassieu\" \/>\n<meta property=\"og:description\" content=\"[vc_row][vc_column][vc_column_text] Reprise des s\u00e9ances en Pr\u00e9sentiel ! Suite aux annonces du gouvernement, \u00e0 partir du 15 d\u00e9cembre 2020, nous pouvons reprendre les s\u00e9ances en ext\u00e9rieur. Tout en respectant les mesures sanitaires, nous vous proposons diff\u00e9rentes fa\u00e7on de garder la forme, en distanciel ou pr\u00e9sentiel : [\/vc_column_text][vc_empty_space][\/vc_column][\/vc_row][vc_row][vc_column width=\u00a0\u00bb1\/2&Prime;][vc_empty_space][vc_empty_space][vc_empty_space][vc_column_text] Des s\u00e9ances coach\u00e9es devant la salle [\/vc_column_text][\/vc_column][vc_column width=\u00a0\u00bb1\/2&Prime;][vc_single_image\" \/>\n<meta property=\"og:url\" content=\"https:\/\/ineditfitness.com\/site\/planning-fin-dannee-2020\/\" \/>\n<meta property=\"og:site_name\" content=\"INEDIT FITNESS | Chassieu\" \/>\n<meta property=\"article:published_time\" content=\"2020-12-12T14:08:02+00:00\" \/>\n<meta property=\"article:modified_time\" content=\"2021-01-02T14:02:56+00:00\" \/>\n<meta property=\"og:image\" content=\"https:\/\/ineditfitness.com\/site\/wp-content\/uploads\/2020\/12\/planning-2021-1.jpg\" \/>\n\t<meta property=\"og:image:width\" content=\"940\" \/>\n\t<meta property=\"og:image:height\" content=\"788\" \/>\n\t<meta property=\"og:image:type\" content=\"image\/jpeg\" \/>\n<meta name=\"author\" content=\"PISK\" \/>\n<meta name=\"twitter:label1\" content=\"\u00c9crit par\" \/>\n\t<meta name=\"twitter:data1\" content=\"PISK\" \/>\n\t<meta name=\"twitter:label2\" content=\"Dur\u00e9e de lecture estim\u00e9e\" \/>\n\t<meta name=\"twitter:data2\" content=\"3 minutes\" \/>\n<script type=\"application\/ld+json\" class=\"yoast-schema-graph\">{\"@context\":\"https:\\\/\\\/schema.org\",\"@graph\":[{\"@type\":\"Article\",\"@id\":\"https:\\\/\\\/ineditfitness.com\\\/site\\\/planning-fin-dannee-2020\\\/#article\",\"isPartOf\":{\"@id\":\"https:\\\/\\\/ineditfitness.com\\\/site\\\/planning-fin-dannee-2020\\\/\"},\"author\":{\"name\":\"PISK\",\"@id\":\"https:\\\/\\\/ineditfitness.com\\\/site\\\/#\\\/schema\\\/person\\\/9d9ee2eec28d681796264261a10ef007\"},\"headline\":\"Planning fin d&rsquo;ann\u00e9e 2020\",\"datePublished\":\"2020-12-12T14:08:02+00:00\",\"dateModified\":\"2021-01-02T14:02:56+00:00\",\"mainEntityOfPage\":{\"@id\":\"https:\\\/\\\/ineditfitness.com\\\/site\\\/planning-fin-dannee-2020\\\/\"},\"wordCount\":638,\"commentCount\":0,\"publisher\":{\"@id\":\"https:\\\/\\\/ineditfitness.com\\\/site\\\/#organization\"},\"image\":{\"@id\":\"https:\\\/\\\/ineditfitness.com\\\/site\\\/planning-fin-dannee-2020\\\/#primaryimage\"},\"thumbnailUrl\":\"https:\\\/\\\/ineditfitness.com\\\/site\\\/wp-content\\\/uploads\\\/2020\\\/12\\\/planning-2021-1.jpg\",\"articleSection\":[\"Sans\"],\"inLanguage\":\"fr-FR\",\"potentialAction\":[{\"@type\":\"CommentAction\",\"name\":\"Comment\",\"target\":[\"https:\\\/\\\/ineditfitness.com\\\/site\\\/planning-fin-dannee-2020\\\/#respond\"]}]},{\"@type\":\"WebPage\",\"@id\":\"https:\\\/\\\/ineditfitness.com\\\/site\\\/planning-fin-dannee-2020\\\/\",\"url\":\"https:\\\/\\\/ineditfitness.com\\\/site\\\/planning-fin-dannee-2020\\\/\",\"name\":\"Planning fin d'ann\u00e9e 2020 - INEDIT FITNESS | Chassieu\",\"isPartOf\":{\"@id\":\"https:\\\/\\\/ineditfitness.com\\\/site\\\/#website\"},\"primaryImageOfPage\":{\"@id\":\"https:\\\/\\\/ineditfitness.com\\\/site\\\/planning-fin-dannee-2020\\\/#primaryimage\"},\"image\":{\"@id\":\"https:\\\/\\\/ineditfitness.com\\\/site\\\/planning-fin-dannee-2020\\\/#primaryimage\"},\"thumbnailUrl\":\"https:\\\/\\\/ineditfitness.com\\\/site\\\/wp-content\\\/uploads\\\/2020\\\/12\\\/planning-2021-1.jpg\",\"datePublished\":\"2020-12-12T14:08:02+00:00\",\"dateModified\":\"2021-01-02T14:02:56+00:00\",\"breadcrumb\":{\"@id\":\"https:\\\/\\\/ineditfitness.com\\\/site\\\/planning-fin-dannee-2020\\\/#breadcrumb\"},\"inLanguage\":\"fr-FR\",\"potentialAction\":[{\"@type\":\"ReadAction\",\"target\":[\"https:\\\/\\\/ineditfitness.com\\\/site\\\/planning-fin-dannee-2020\\\/\"]}]},{\"@type\":\"ImageObject\",\"inLanguage\":\"fr-FR\",\"@id\":\"https:\\\/\\\/ineditfitness.com\\\/site\\\/planning-fin-dannee-2020\\\/#primaryimage\",\"url\":\"https:\\\/\\\/ineditfitness.com\\\/site\\\/wp-content\\\/uploads\\\/2020\\\/12\\\/planning-2021-1.jpg\",\"contentUrl\":\"https:\\\/\\\/ineditfitness.com\\\/site\\\/wp-content\\\/uploads\\\/2020\\\/12\\\/planning-2021-1.jpg\",\"width\":940,\"height\":788},{\"@type\":\"BreadcrumbList\",\"@id\":\"https:\\\/\\\/ineditfitness.com\\\/site\\\/planning-fin-dannee-2020\\\/#breadcrumb\",\"itemListElement\":[{\"@type\":\"ListItem\",\"position\":1,\"name\":\"Accueil\",\"item\":\"https:\\\/\\\/ineditfitness.com\\\/site\\\/\"},{\"@type\":\"ListItem\",\"position\":2,\"name\":\"Planning fin d&rsquo;ann\u00e9e 2020\"}]},{\"@type\":\"WebSite\",\"@id\":\"https:\\\/\\\/ineditfitness.com\\\/site\\\/#website\",\"url\":\"https:\\\/\\\/ineditfitness.com\\\/site\\\/\",\"name\":\"INEDIT FITNESS | Chassieu\",\"description\":\"Vous \u00eates unique, notre coaching aussi - Salle de Sport - Fitness - Stretching - Pilates - Training - Cardio - Marche Nordique - Coaching Individuel - Small groupe\",\"publisher\":{\"@id\":\"https:\\\/\\\/ineditfitness.com\\\/site\\\/#organization\"},\"potentialAction\":[{\"@type\":\"SearchAction\",\"target\":{\"@type\":\"EntryPoint\",\"urlTemplate\":\"https:\\\/\\\/ineditfitness.com\\\/site\\\/?s={search_term_string}\"},\"query-input\":{\"@type\":\"PropertyValueSpecification\",\"valueRequired\":true,\"valueName\":\"search_term_string\"}}],\"inLanguage\":\"fr-FR\"},{\"@type\":\"Organization\",\"@id\":\"https:\\\/\\\/ineditfitness.com\\\/site\\\/#organization\",\"name\":\"INEDIT FITNESS\",\"url\":\"https:\\\/\\\/ineditfitness.com\\\/site\\\/\",\"logo\":{\"@type\":\"ImageObject\",\"inLanguage\":\"fr-FR\",\"@id\":\"https:\\\/\\\/ineditfitness.com\\\/site\\\/#\\\/schema\\\/logo\\\/image\\\/\",\"url\":\"https:\\\/\\\/ineditfitness.com\\\/site\\\/wp-content\\\/uploads\\\/2014\\\/12\\\/studio_inedit_fitness_logo_site.png\",\"contentUrl\":\"https:\\\/\\\/ineditfitness.com\\\/site\\\/wp-content\\\/uploads\\\/2014\\\/12\\\/studio_inedit_fitness_logo_site.png\",\"width\":600,\"height\":210,\"caption\":\"INEDIT FITNESS\"},\"image\":{\"@id\":\"https:\\\/\\\/ineditfitness.com\\\/site\\\/#\\\/schema\\\/logo\\\/image\\\/\"}},{\"@type\":\"Person\",\"@id\":\"https:\\\/\\\/ineditfitness.com\\\/site\\\/#\\\/schema\\\/person\\\/9d9ee2eec28d681796264261a10ef007\",\"name\":\"PISK\",\"image\":{\"@type\":\"ImageObject\",\"inLanguage\":\"fr-FR\",\"@id\":\"https:\\\/\\\/secure.gravatar.com\\\/avatar\\\/10fd830c47f359563c208ec7a2832c91c1957fe839b190df787fbcaf5e7f9bd2?s=96&d=mm&r=g\",\"url\":\"https:\\\/\\\/secure.gravatar.com\\\/avatar\\\/10fd830c47f359563c208ec7a2832c91c1957fe839b190df787fbcaf5e7f9bd2?s=96&d=mm&r=g\",\"contentUrl\":\"https:\\\/\\\/secure.gravatar.com\\\/avatar\\\/10fd830c47f359563c208ec7a2832c91c1957fe839b190df787fbcaf5e7f9bd2?s=96&d=mm&r=g\",\"caption\":\"PISK\"},\"sameAs\":[\"http:\\\/\\\/www.ineditfitness.com\"]}]}<\/script>\n<!-- \/ Yoast SEO plugin. -->","yoast_head_json":{"title":"Planning fin d'ann\u00e9e 2020 - INEDIT FITNESS | Chassieu","robots":{"index":"index","follow":"follow","max-snippet":"max-snippet:-1","max-image-preview":"max-image-preview:large","max-video-preview":"max-video-preview:-1"},"canonical":"https:\/\/ineditfitness.com\/site\/planning-fin-dannee-2020\/","og_locale":"fr_FR","og_type":"article","og_title":"Planning fin d'ann\u00e9e 2020 - INEDIT FITNESS | Chassieu","og_description":"[vc_row][vc_column][vc_column_text] Reprise des s\u00e9ances en Pr\u00e9sentiel ! Suite aux annonces du gouvernement, \u00e0 partir du 15 d\u00e9cembre 2020, nous pouvons reprendre les s\u00e9ances en ext\u00e9rieur. Tout en respectant les mesures sanitaires, nous vous proposons diff\u00e9rentes fa\u00e7on de garder la forme, en distanciel ou pr\u00e9sentiel : [\/vc_column_text][vc_empty_space][\/vc_column][\/vc_row][vc_row][vc_column width=\u00a0\u00bb1\/2&Prime;][vc_empty_space][vc_empty_space][vc_empty_space][vc_column_text] Des s\u00e9ances coach\u00e9es devant la salle [\/vc_column_text][\/vc_column][vc_column width=\u00a0\u00bb1\/2&Prime;][vc_single_image","og_url":"https:\/\/ineditfitness.com\/site\/planning-fin-dannee-2020\/","og_site_name":"INEDIT FITNESS | Chassieu","article_published_time":"2020-12-12T14:08:02+00:00","article_modified_time":"2021-01-02T14:02:56+00:00","og_image":[{"width":940,"height":788,"url":"https:\/\/ineditfitness.com\/site\/wp-content\/uploads\/2020\/12\/planning-2021-1.jpg","type":"image\/jpeg"}],"author":"PISK","twitter_misc":{"\u00c9crit par":"PISK","Dur\u00e9e de lecture estim\u00e9e":"3 minutes"},"schema":{"@context":"https:\/\/schema.org","@graph":[{"@type":"Article","@id":"https:\/\/ineditfitness.com\/site\/planning-fin-dannee-2020\/#article","isPartOf":{"@id":"https:\/\/ineditfitness.com\/site\/planning-fin-dannee-2020\/"},"author":{"name":"PISK","@id":"https:\/\/ineditfitness.com\/site\/#\/schema\/person\/9d9ee2eec28d681796264261a10ef007"},"headline":"Planning fin d&rsquo;ann\u00e9e 2020","datePublished":"2020-12-12T14:08:02+00:00","dateModified":"2021-01-02T14:02:56+00:00","mainEntityOfPage":{"@id":"https:\/\/ineditfitness.com\/site\/planning-fin-dannee-2020\/"},"wordCount":638,"commentCount":0,"publisher":{"@id":"https:\/\/ineditfitness.com\/site\/#organization"},"image":{"@id":"https:\/\/ineditfitness.com\/site\/planning-fin-dannee-2020\/#primaryimage"},"thumbnailUrl":"https:\/\/ineditfitness.com\/site\/wp-content\/uploads\/2020\/12\/planning-2021-1.jpg","articleSection":["Sans"],"inLanguage":"fr-FR","potentialAction":[{"@type":"CommentAction","name":"Comment","target":["https:\/\/ineditfitness.com\/site\/planning-fin-dannee-2020\/#respond"]}]},{"@type":"WebPage","@id":"https:\/\/ineditfitness.com\/site\/planning-fin-dannee-2020\/","url":"https:\/\/ineditfitness.com\/site\/planning-fin-dannee-2020\/","name":"Planning fin d'ann\u00e9e 2020 - INEDIT FITNESS | Chassieu","isPartOf":{"@id":"https:\/\/ineditfitness.com\/site\/#website"},"primaryImageOfPage":{"@id":"https:\/\/ineditfitness.com\/site\/planning-fin-dannee-2020\/#primaryimage"},"image":{"@id":"https:\/\/ineditfitness.com\/site\/planning-fin-dannee-2020\/#primaryimage"},"thumbnailUrl":"https:\/\/ineditfitness.com\/site\/wp-content\/uploads\/2020\/12\/planning-2021-1.jpg","datePublished":"2020-12-12T14:08:02+00:00","dateModified":"2021-01-02T14:02:56+00:00","breadcrumb":{"@id":"https:\/\/ineditfitness.com\/site\/planning-fin-dannee-2020\/#breadcrumb"},"inLanguage":"fr-FR","potentialAction":[{"@type":"ReadAction","target":["https:\/\/ineditfitness.com\/site\/planning-fin-dannee-2020\/"]}]},{"@type":"ImageObject","inLanguage":"fr-FR","@id":"https:\/\/ineditfitness.com\/site\/planning-fin-dannee-2020\/#primaryimage","url":"https:\/\/ineditfitness.com\/site\/wp-content\/uploads\/2020\/12\/planning-2021-1.jpg","contentUrl":"https:\/\/ineditfitness.com\/site\/wp-content\/uploads\/2020\/12\/planning-2021-1.jpg","width":940,"height":788},{"@type":"BreadcrumbList","@id":"https:\/\/ineditfitness.com\/site\/planning-fin-dannee-2020\/#breadcrumb","itemListElement":[{"@type":"ListItem","position":1,"name":"Accueil","item":"https:\/\/ineditfitness.com\/site\/"},{"@type":"ListItem","position":2,"name":"Planning fin d&rsquo;ann\u00e9e 2020"}]},{"@type":"WebSite","@id":"https:\/\/ineditfitness.com\/site\/#website","url":"https:\/\/ineditfitness.com\/site\/","name":"INEDIT FITNESS | Chassieu","description":"Vous \u00eates unique, notre coaching aussi - Salle de Sport - Fitness - Stretching - Pilates - Training - Cardio - Marche Nordique - Coaching Individuel - Small groupe","publisher":{"@id":"https:\/\/ineditfitness.com\/site\/#organization"},"potentialAction":[{"@type":"SearchAction","target":{"@type":"EntryPoint","urlTemplate":"https:\/\/ineditfitness.com\/site\/?s={search_term_string}"},"query-input":{"@type":"PropertyValueSpecification","valueRequired":true,"valueName":"search_term_string"}}],"inLanguage":"fr-FR"},{"@type":"Organization","@id":"https:\/\/ineditfitness.com\/site\/#organization","name":"INEDIT FITNESS","url":"https:\/\/ineditfitness.com\/site\/","logo":{"@type":"ImageObject","inLanguage":"fr-FR","@id":"https:\/\/ineditfitness.com\/site\/#\/schema\/logo\/image\/","url":"https:\/\/ineditfitness.com\/site\/wp-content\/uploads\/2014\/12\/studio_inedit_fitness_logo_site.png","contentUrl":"https:\/\/ineditfitness.com\/site\/wp-content\/uploads\/2014\/12\/studio_inedit_fitness_logo_site.png","width":600,"height":210,"caption":"INEDIT FITNESS"},"image":{"@id":"https:\/\/ineditfitness.com\/site\/#\/schema\/logo\/image\/"}},{"@type":"Person","@id":"https:\/\/ineditfitness.com\/site\/#\/schema\/person\/9d9ee2eec28d681796264261a10ef007","name":"PISK","image":{"@type":"ImageObject","inLanguage":"fr-FR","@id":"https:\/\/secure.gravatar.com\/avatar\/10fd830c47f359563c208ec7a2832c91c1957fe839b190df787fbcaf5e7f9bd2?s=96&d=mm&r=g","url":"https:\/\/secure.gravatar.com\/avatar\/10fd830c47f359563c208ec7a2832c91c1957fe839b190df787fbcaf5e7f9bd2?s=96&d=mm&r=g","contentUrl":"https:\/\/secure.gravatar.com\/avatar\/10fd830c47f359563c208ec7a2832c91c1957fe839b190df787fbcaf5e7f9bd2?s=96&d=mm&r=g","caption":"PISK"},"sameAs":["http:\/\/www.ineditfitness.com"]}]}},"_links":{"self":[{"href":"https:\/\/ineditfitness.com\/site\/wp-json\/wp\/v2\/posts\/11489","targetHints":{"allow":["GET"]}}],"collection":[{"href":"https:\/\/ineditfitness.com\/site\/wp-json\/wp\/v2\/posts"}],"about":[{"href":"https:\/\/ineditfitness.com\/site\/wp-json\/wp\/v2\/types\/post"}],"author":[{"embeddable":true,"href":"https:\/\/ineditfitness.com\/site\/wp-json\/wp\/v2\/users\/3"}],"replies":[{"embeddable":true,"href":"https:\/\/ineditfitness.com\/site\/wp-json\/wp\/v2\/comments?post=11489"}],"version-history":[{"count":0,"href":"https:\/\/ineditfitness.com\/site\/wp-json\/wp\/v2\/posts\/11489\/revisions"}],"wp:featuredmedia":[{"embeddable":true,"href":"https:\/\/ineditfitness.com\/site\/wp-json\/wp\/v2\/media\/11555"}],"wp:attachment":[{"href":"https:\/\/ineditfitness.com\/site\/wp-json\/wp\/v2\/media?parent=11489"}],"wp:term":[{"taxonomy":"category","embeddable":true,"href":"https:\/\/ineditfitness.com\/site\/wp-json\/wp\/v2\/categories?post=11489"},{"taxonomy":"post_tag","embeddable":true,"href":"https:\/\/ineditfitness.com\/site\/wp-json\/wp\/v2\/tags?post=11489"}],"curies":[{"name":"wp","href":"https:\/\/api.w.org\/{rel}","templated":true}]}}