{"id":1,"date":"2014-12-09T14:58:22","date_gmt":"2014-12-09T13:58:22","guid":{"rendered":"http:\/\/http:\/\/ineditfitness.com\/site\/"},"modified":"2015-02-17T17:19:05","modified_gmt":"2015-02-17T16:19:05","slug":"ouverture-inedit-fitness","status":"publish","type":"post","link":"https:\/\/ineditfitness.com\/site\/ouverture-inedit-fitness\/","title":{"rendered":"Ouverture du Studio INEDIT FITNESS le 22 Janvier 2015"},"content":{"rendered":"<p><a href=\"http:\/\/ineditfitness.com\/site\/wp-content\/uploads\/2014\/12\/STUDIO-INEDIT-FITNESS-FLYERS-RECTO_INEDIT1.jpg\"><img loading=\"lazy\" decoding=\"async\" class=\"alignleft  wp-image-4348\" src=\"http:\/\/ineditfitness.com\/site\/wp-content\/uploads\/2014\/12\/STUDIO-INEDIT-FITNESS-FLYERS-RECTO_INEDIT1.jpg\" alt=\"STUDIO INEDIT FITNESS - FLYERS-RECTO_INEDIT\" width=\"291\" height=\"208\" srcset=\"https:\/\/ineditfitness.com\/site\/wp-content\/uploads\/2014\/12\/STUDIO-INEDIT-FITNESS-FLYERS-RECTO_INEDIT1.jpg 595w, https:\/\/ineditfitness.com\/site\/wp-content\/uploads\/2014\/12\/STUDIO-INEDIT-FITNESS-FLYERS-RECTO_INEDIT1-300x214.jpg 300w\" sizes=\"auto, (max-width: 291px) 100vw, 291px\" \/><\/a>Le studio INEDIT FITNESS vous offre le meilleur du fitness, pour faire du sport entour\u00e9 de professionnels \u00e0 des prix tr\u00e8s accessibles.<\/p>\n<p>Nous vous conseillons et vous accompagnons pour que vous puissiez trouver un programme sportif adapt\u00e9 \u00e0 vos besoins aux horaires qui vous conviennent.<br \/>\nSMALL CLASS, cours collectifs et vari\u00e9s, coaching&#8230; les amateurs de sport vont trouver \u00e0 coup s\u00fbr leur bonheur au Studio INEDIT FITNESS de CHASSIEU<\/p>\n<p>Programmes d\u2019entra\u00eenement gratuits :<\/p>\n<p>\u2022 Acc\u00e8s illimit\u00e9 \u00e0 toutes les activit\u00e9s<br \/>\n\u2022 \u00c9quipements haut de gamme<br \/>\n\u2022 Salle climatis\u00e9e<br \/>\n\u2022 Douches individuelles gratuites<\/p>\n<p>Studio INEDIT FITNESS de CHASSIEU: le rendez-vous de tous les sportifs d\u00e8s le 19 janvier 2015 !<\/p>\n","protected":false},"excerpt":{"rendered":"<p>Le studio INEDIT FITNESS vous offre le meilleur du fitness, pour faire du sport entour\u00e9 de professionnels \u00e0 des prix tr\u00e8s accessibles. Nous vous conseillons et vous accompagnons pour que vous puissiez trouver un programme sportif adapt\u00e9 \u00e0 vos besoins aux horaires qui vous conviennent. SMALL CLASS, cours collectifs et vari\u00e9s, coaching&#8230; les amateurs de<\/p>\n","protected":false},"author":3,"featured_media":4348,"comment_status":"open","ping_status":"open","sticky":false,"template":"","format":"standard","meta":{"footnotes":""},"categories":[178,5],"tags":[],"class_list":["post-1","post","type-post","status-publish","format-standard","has-post-thumbnail","hentry","category-evenements","category-zumba"],"yoast_head":"<!-- This site is optimized with the Yoast SEO plugin v27.4 - https:\/\/yoast.com\/product\/yoast-seo-wordpress\/ -->\n<title>Ouverture du Studio INEDIT FITNESS le 22 Janvier 2015 - INEDIT FITNESS | Chassieu<\/title>\n<meta name=\"robots\" content=\"index, follow, max-snippet:-1, max-image-preview:large, max-video-preview:-1\" \/>\n<link rel=\"canonical\" href=\"https:\/\/ineditfitness.com\/site\/ouverture-inedit-fitness\/\" \/>\n<meta property=\"og:locale\" content=\"fr_FR\" \/>\n<meta property=\"og:type\" content=\"article\" \/>\n<meta property=\"og:title\" content=\"Ouverture du Studio INEDIT FITNESS le 22 Janvier 2015 - INEDIT FITNESS | Chassieu\" \/>\n<meta property=\"og:description\" content=\"Le studio INEDIT FITNESS vous offre le meilleur du fitness, pour faire du sport entour\u00e9 de professionnels \u00e0 des prix tr\u00e8s accessibles. Nous vous conseillons et vous accompagnons pour que vous puissiez trouver un programme sportif adapt\u00e9 \u00e0 vos besoins aux horaires qui vous conviennent. SMALL CLASS, cours collectifs et vari\u00e9s, coaching&#8230; les amateurs de\" \/>\n<meta property=\"og:url\" content=\"https:\/\/ineditfitness.com\/site\/ouverture-inedit-fitness\/\" \/>\n<meta property=\"og:site_name\" content=\"INEDIT FITNESS | Chassieu\" \/>\n<meta property=\"article:published_time\" content=\"2014-12-09T13:58:22+00:00\" \/>\n<meta property=\"article:modified_time\" content=\"2015-02-17T16:19:05+00:00\" \/>\n<meta property=\"og:image\" content=\"https:\/\/ineditfitness.com\/site\/wp-content\/uploads\/2014\/12\/STUDIO-INEDIT-FITNESS-FLYERS-RECTO_INEDIT1.jpg\" \/>\n\t<meta property=\"og:image:width\" content=\"595\" \/>\n\t<meta property=\"og:image:height\" content=\"425\" \/>\n\t<meta property=\"og:image:type\" content=\"image\/jpeg\" \/>\n<meta name=\"author\" content=\"PISK\" \/>\n<meta name=\"twitter:label1\" content=\"\u00c9crit par\" \/>\n\t<meta name=\"twitter:data1\" content=\"PISK\" \/>\n\t<meta name=\"twitter:label2\" content=\"Dur\u00e9e de lecture estim\u00e9e\" \/>\n\t<meta name=\"twitter:data2\" content=\"1 minute\" \/>\n<script type=\"application\/ld+json\" class=\"yoast-schema-graph\">{\"@context\":\"https:\\\/\\\/schema.org\",\"@graph\":[{\"@type\":\"Article\",\"@id\":\"https:\\\/\\\/ineditfitness.com\\\/site\\\/ouverture-inedit-fitness\\\/#article\",\"isPartOf\":{\"@id\":\"https:\\\/\\\/ineditfitness.com\\\/site\\\/ouverture-inedit-fitness\\\/\"},\"author\":{\"name\":\"PISK\",\"@id\":\"https:\\\/\\\/ineditfitness.com\\\/site\\\/#\\\/schema\\\/person\\\/9d9ee2eec28d681796264261a10ef007\"},\"headline\":\"Ouverture du Studio INEDIT FITNESS le 22 Janvier 2015\",\"datePublished\":\"2014-12-09T13:58:22+00:00\",\"dateModified\":\"2015-02-17T16:19:05+00:00\",\"mainEntityOfPage\":{\"@id\":\"https:\\\/\\\/ineditfitness.com\\\/site\\\/ouverture-inedit-fitness\\\/\"},\"wordCount\":113,\"commentCount\":0,\"publisher\":{\"@id\":\"https:\\\/\\\/ineditfitness.com\\\/site\\\/#organization\"},\"image\":{\"@id\":\"https:\\\/\\\/ineditfitness.com\\\/site\\\/ouverture-inedit-fitness\\\/#primaryimage\"},\"thumbnailUrl\":\"https:\\\/\\\/ineditfitness.com\\\/site\\\/wp-content\\\/uploads\\\/2014\\\/12\\\/STUDIO-INEDIT-FITNESS-FLYERS-RECTO_INEDIT1.jpg\",\"articleSection\":[\"Evenements\",\"Zumba\"],\"inLanguage\":\"fr-FR\",\"potentialAction\":[{\"@type\":\"CommentAction\",\"name\":\"Comment\",\"target\":[\"https:\\\/\\\/ineditfitness.com\\\/site\\\/ouverture-inedit-fitness\\\/#respond\"]}]},{\"@type\":\"WebPage\",\"@id\":\"https:\\\/\\\/ineditfitness.com\\\/site\\\/ouverture-inedit-fitness\\\/\",\"url\":\"https:\\\/\\\/ineditfitness.com\\\/site\\\/ouverture-inedit-fitness\\\/\",\"name\":\"Ouverture du Studio INEDIT FITNESS le 22 Janvier 2015 - INEDIT FITNESS | Chassieu\",\"isPartOf\":{\"@id\":\"https:\\\/\\\/ineditfitness.com\\\/site\\\/#website\"},\"primaryImageOfPage\":{\"@id\":\"https:\\\/\\\/ineditfitness.com\\\/site\\\/ouverture-inedit-fitness\\\/#primaryimage\"},\"image\":{\"@id\":\"https:\\\/\\\/ineditfitness.com\\\/site\\\/ouverture-inedit-fitness\\\/#primaryimage\"},\"thumbnailUrl\":\"https:\\\/\\\/ineditfitness.com\\\/site\\\/wp-content\\\/uploads\\\/2014\\\/12\\\/STUDIO-INEDIT-FITNESS-FLYERS-RECTO_INEDIT1.jpg\",\"datePublished\":\"2014-12-09T13:58:22+00:00\",\"dateModified\":\"2015-02-17T16:19:05+00:00\",\"breadcrumb\":{\"@id\":\"https:\\\/\\\/ineditfitness.com\\\/site\\\/ouverture-inedit-fitness\\\/#breadcrumb\"},\"inLanguage\":\"fr-FR\",\"potentialAction\":[{\"@type\":\"ReadAction\",\"target\":[\"https:\\\/\\\/ineditfitness.com\\\/site\\\/ouverture-inedit-fitness\\\/\"]}]},{\"@type\":\"ImageObject\",\"inLanguage\":\"fr-FR\",\"@id\":\"https:\\\/\\\/ineditfitness.com\\\/site\\\/ouverture-inedit-fitness\\\/#primaryimage\",\"url\":\"https:\\\/\\\/ineditfitness.com\\\/site\\\/wp-content\\\/uploads\\\/2014\\\/12\\\/STUDIO-INEDIT-FITNESS-FLYERS-RECTO_INEDIT1.jpg\",\"contentUrl\":\"https:\\\/\\\/ineditfitness.com\\\/site\\\/wp-content\\\/uploads\\\/2014\\\/12\\\/STUDIO-INEDIT-FITNESS-FLYERS-RECTO_INEDIT1.jpg\",\"width\":595,\"height\":425},{\"@type\":\"BreadcrumbList\",\"@id\":\"https:\\\/\\\/ineditfitness.com\\\/site\\\/ouverture-inedit-fitness\\\/#breadcrumb\",\"itemListElement\":[{\"@type\":\"ListItem\",\"position\":1,\"name\":\"Accueil\",\"item\":\"https:\\\/\\\/ineditfitness.com\\\/site\\\/\"},{\"@type\":\"ListItem\",\"position\":2,\"name\":\"Ouverture du Studio INEDIT FITNESS le 22 Janvier 2015\"}]},{\"@type\":\"WebSite\",\"@id\":\"https:\\\/\\\/ineditfitness.com\\\/site\\\/#website\",\"url\":\"https:\\\/\\\/ineditfitness.com\\\/site\\\/\",\"name\":\"INEDIT FITNESS | Chassieu\",\"description\":\"Vous \u00eates unique, notre coaching aussi - Salle de Sport - Fitness - Stretching - Pilates - Training - Cardio - Marche Nordique - Coaching Individuel - Small groupe\",\"publisher\":{\"@id\":\"https:\\\/\\\/ineditfitness.com\\\/site\\\/#organization\"},\"potentialAction\":[{\"@type\":\"SearchAction\",\"target\":{\"@type\":\"EntryPoint\",\"urlTemplate\":\"https:\\\/\\\/ineditfitness.com\\\/site\\\/?s={search_term_string}\"},\"query-input\":{\"@type\":\"PropertyValueSpecification\",\"valueRequired\":true,\"valueName\":\"search_term_string\"}}],\"inLanguage\":\"fr-FR\"},{\"@type\":\"Organization\",\"@id\":\"https:\\\/\\\/ineditfitness.com\\\/site\\\/#organization\",\"name\":\"INEDIT FITNESS\",\"url\":\"https:\\\/\\\/ineditfitness.com\\\/site\\\/\",\"logo\":{\"@type\":\"ImageObject\",\"inLanguage\":\"fr-FR\",\"@id\":\"https:\\\/\\\/ineditfitness.com\\\/site\\\/#\\\/schema\\\/logo\\\/image\\\/\",\"url\":\"https:\\\/\\\/ineditfitness.com\\\/site\\\/wp-content\\\/uploads\\\/2014\\\/12\\\/studio_inedit_fitness_logo_site.png\",\"contentUrl\":\"https:\\\/\\\/ineditfitness.com\\\/site\\\/wp-content\\\/uploads\\\/2014\\\/12\\\/studio_inedit_fitness_logo_site.png\",\"width\":600,\"height\":210,\"caption\":\"INEDIT FITNESS\"},\"image\":{\"@id\":\"https:\\\/\\\/ineditfitness.com\\\/site\\\/#\\\/schema\\\/logo\\\/image\\\/\"}},{\"@type\":\"Person\",\"@id\":\"https:\\\/\\\/ineditfitness.com\\\/site\\\/#\\\/schema\\\/person\\\/9d9ee2eec28d681796264261a10ef007\",\"name\":\"PISK\",\"image\":{\"@type\":\"ImageObject\",\"inLanguage\":\"fr-FR\",\"@id\":\"https:\\\/\\\/secure.gravatar.com\\\/avatar\\\/10fd830c47f359563c208ec7a2832c91c1957fe839b190df787fbcaf5e7f9bd2?s=96&d=mm&r=g\",\"url\":\"https:\\\/\\\/secure.gravatar.com\\\/avatar\\\/10fd830c47f359563c208ec7a2832c91c1957fe839b190df787fbcaf5e7f9bd2?s=96&d=mm&r=g\",\"contentUrl\":\"https:\\\/\\\/secure.gravatar.com\\\/avatar\\\/10fd830c47f359563c208ec7a2832c91c1957fe839b190df787fbcaf5e7f9bd2?s=96&d=mm&r=g\",\"caption\":\"PISK\"},\"sameAs\":[\"http:\\\/\\\/www.ineditfitness.com\"]}]}<\/script>\n<!-- \/ Yoast SEO plugin. -->","yoast_head_json":{"title":"Ouverture du Studio INEDIT FITNESS le 22 Janvier 2015 - INEDIT FITNESS | Chassieu","robots":{"index":"index","follow":"follow","max-snippet":"max-snippet:-1","max-image-preview":"max-image-preview:large","max-video-preview":"max-video-preview:-1"},"canonical":"https:\/\/ineditfitness.com\/site\/ouverture-inedit-fitness\/","og_locale":"fr_FR","og_type":"article","og_title":"Ouverture du Studio INEDIT FITNESS le 22 Janvier 2015 - INEDIT FITNESS | Chassieu","og_description":"Le studio INEDIT FITNESS vous offre le meilleur du fitness, pour faire du sport entour\u00e9 de professionnels \u00e0 des prix tr\u00e8s accessibles. Nous vous conseillons et vous accompagnons pour que vous puissiez trouver un programme sportif adapt\u00e9 \u00e0 vos besoins aux horaires qui vous conviennent. SMALL CLASS, cours collectifs et vari\u00e9s, coaching&#8230; les amateurs de","og_url":"https:\/\/ineditfitness.com\/site\/ouverture-inedit-fitness\/","og_site_name":"INEDIT FITNESS | Chassieu","article_published_time":"2014-12-09T13:58:22+00:00","article_modified_time":"2015-02-17T16:19:05+00:00","og_image":[{"width":595,"height":425,"url":"https:\/\/ineditfitness.com\/site\/wp-content\/uploads\/2014\/12\/STUDIO-INEDIT-FITNESS-FLYERS-RECTO_INEDIT1.jpg","type":"image\/jpeg"}],"author":"PISK","twitter_misc":{"\u00c9crit par":"PISK","Dur\u00e9e de lecture estim\u00e9e":"1 minute"},"schema":{"@context":"https:\/\/schema.org","@graph":[{"@type":"Article","@id":"https:\/\/ineditfitness.com\/site\/ouverture-inedit-fitness\/#article","isPartOf":{"@id":"https:\/\/ineditfitness.com\/site\/ouverture-inedit-fitness\/"},"author":{"name":"PISK","@id":"https:\/\/ineditfitness.com\/site\/#\/schema\/person\/9d9ee2eec28d681796264261a10ef007"},"headline":"Ouverture du Studio INEDIT FITNESS le 22 Janvier 2015","datePublished":"2014-12-09T13:58:22+00:00","dateModified":"2015-02-17T16:19:05+00:00","mainEntityOfPage":{"@id":"https:\/\/ineditfitness.com\/site\/ouverture-inedit-fitness\/"},"wordCount":113,"commentCount":0,"publisher":{"@id":"https:\/\/ineditfitness.com\/site\/#organization"},"image":{"@id":"https:\/\/ineditfitness.com\/site\/ouverture-inedit-fitness\/#primaryimage"},"thumbnailUrl":"https:\/\/ineditfitness.com\/site\/wp-content\/uploads\/2014\/12\/STUDIO-INEDIT-FITNESS-FLYERS-RECTO_INEDIT1.jpg","articleSection":["Evenements","Zumba"],"inLanguage":"fr-FR","potentialAction":[{"@type":"CommentAction","name":"Comment","target":["https:\/\/ineditfitness.com\/site\/ouverture-inedit-fitness\/#respond"]}]},{"@type":"WebPage","@id":"https:\/\/ineditfitness.com\/site\/ouverture-inedit-fitness\/","url":"https:\/\/ineditfitness.com\/site\/ouverture-inedit-fitness\/","name":"Ouverture du Studio INEDIT FITNESS le 22 Janvier 2015 - INEDIT FITNESS | Chassieu","isPartOf":{"@id":"https:\/\/ineditfitness.com\/site\/#website"},"primaryImageOfPage":{"@id":"https:\/\/ineditfitness.com\/site\/ouverture-inedit-fitness\/#primaryimage"},"image":{"@id":"https:\/\/ineditfitness.com\/site\/ouverture-inedit-fitness\/#primaryimage"},"thumbnailUrl":"https:\/\/ineditfitness.com\/site\/wp-content\/uploads\/2014\/12\/STUDIO-INEDIT-FITNESS-FLYERS-RECTO_INEDIT1.jpg","datePublished":"2014-12-09T13:58:22+00:00","dateModified":"2015-02-17T16:19:05+00:00","breadcrumb":{"@id":"https:\/\/ineditfitness.com\/site\/ouverture-inedit-fitness\/#breadcrumb"},"inLanguage":"fr-FR","potentialAction":[{"@type":"ReadAction","target":["https:\/\/ineditfitness.com\/site\/ouverture-inedit-fitness\/"]}]},{"@type":"ImageObject","inLanguage":"fr-FR","@id":"https:\/\/ineditfitness.com\/site\/ouverture-inedit-fitness\/#primaryimage","url":"https:\/\/ineditfitness.com\/site\/wp-content\/uploads\/2014\/12\/STUDIO-INEDIT-FITNESS-FLYERS-RECTO_INEDIT1.jpg","contentUrl":"https:\/\/ineditfitness.com\/site\/wp-content\/uploads\/2014\/12\/STUDIO-INEDIT-FITNESS-FLYERS-RECTO_INEDIT1.jpg","width":595,"height":425},{"@type":"BreadcrumbList","@id":"https:\/\/ineditfitness.com\/site\/ouverture-inedit-fitness\/#breadcrumb","itemListElement":[{"@type":"ListItem","position":1,"name":"Accueil","item":"https:\/\/ineditfitness.com\/site\/"},{"@type":"ListItem","position":2,"name":"Ouverture du Studio INEDIT FITNESS le 22 Janvier 2015"}]},{"@type":"WebSite","@id":"https:\/\/ineditfitness.com\/site\/#website","url":"https:\/\/ineditfitness.com\/site\/","name":"INEDIT FITNESS | Chassieu","description":"Vous \u00eates unique, notre coaching aussi - Salle de Sport - Fitness - Stretching - Pilates - Training - Cardio - Marche Nordique - Coaching Individuel - Small groupe","publisher":{"@id":"https:\/\/ineditfitness.com\/site\/#organization"},"potentialAction":[{"@type":"SearchAction","target":{"@type":"EntryPoint","urlTemplate":"https:\/\/ineditfitness.com\/site\/?s={search_term_string}"},"query-input":{"@type":"PropertyValueSpecification","valueRequired":true,"valueName":"search_term_string"}}],"inLanguage":"fr-FR"},{"@type":"Organization","@id":"https:\/\/ineditfitness.com\/site\/#organization","name":"INEDIT FITNESS","url":"https:\/\/ineditfitness.com\/site\/","logo":{"@type":"ImageObject","inLanguage":"fr-FR","@id":"https:\/\/ineditfitness.com\/site\/#\/schema\/logo\/image\/","url":"https:\/\/ineditfitness.com\/site\/wp-content\/uploads\/2014\/12\/studio_inedit_fitness_logo_site.png","contentUrl":"https:\/\/ineditfitness.com\/site\/wp-content\/uploads\/2014\/12\/studio_inedit_fitness_logo_site.png","width":600,"height":210,"caption":"INEDIT FITNESS"},"image":{"@id":"https:\/\/ineditfitness.com\/site\/#\/schema\/logo\/image\/"}},{"@type":"Person","@id":"https:\/\/ineditfitness.com\/site\/#\/schema\/person\/9d9ee2eec28d681796264261a10ef007","name":"PISK","image":{"@type":"ImageObject","inLanguage":"fr-FR","@id":"https:\/\/secure.gravatar.com\/avatar\/10fd830c47f359563c208ec7a2832c91c1957fe839b190df787fbcaf5e7f9bd2?s=96&d=mm&r=g","url":"https:\/\/secure.gravatar.com\/avatar\/10fd830c47f359563c208ec7a2832c91c1957fe839b190df787fbcaf5e7f9bd2?s=96&d=mm&r=g","contentUrl":"https:\/\/secure.gravatar.com\/avatar\/10fd830c47f359563c208ec7a2832c91c1957fe839b190df787fbcaf5e7f9bd2?s=96&d=mm&r=g","caption":"PISK"},"sameAs":["http:\/\/www.ineditfitness.com"]}]}},"_links":{"self":[{"href":"https:\/\/ineditfitness.com\/site\/wp-json\/wp\/v2\/posts\/1","targetHints":{"allow":["GET"]}}],"collection":[{"href":"https:\/\/ineditfitness.com\/site\/wp-json\/wp\/v2\/posts"}],"about":[{"href":"https:\/\/ineditfitness.com\/site\/wp-json\/wp\/v2\/types\/post"}],"author":[{"embeddable":true,"href":"https:\/\/ineditfitness.com\/site\/wp-json\/wp\/v2\/users\/3"}],"replies":[{"embeddable":true,"href":"https:\/\/ineditfitness.com\/site\/wp-json\/wp\/v2\/comments?post=1"}],"version-history":[{"count":0,"href":"https:\/\/ineditfitness.com\/site\/wp-json\/wp\/v2\/posts\/1\/revisions"}],"wp:featuredmedia":[{"embeddable":true,"href":"https:\/\/ineditfitness.com\/site\/wp-json\/wp\/v2\/media\/4348"}],"wp:attachment":[{"href":"https:\/\/ineditfitness.com\/site\/wp-json\/wp\/v2\/media?parent=1"}],"wp:term":[{"taxonomy":"category","embeddable":true,"href":"https:\/\/ineditfitness.com\/site\/wp-json\/wp\/v2\/categories?post=1"},{"taxonomy":"post_tag","embeddable":true,"href":"https:\/\/ineditfitness.com\/site\/wp-json\/wp\/v2\/tags?post=1"}],"curies":[{"name":"wp","href":"https:\/\/api.w.org\/{rel}","templated":true}]}}